{"id":187,"date":"2014-04-03T14:49:07","date_gmt":"2014-04-03T12:49:07","guid":{"rendered":"http:\/\/blogs.cpnl.cat\/endrapalletres\/?p=187"},"modified":"2014-04-03T14:51:56","modified_gmt":"2014-04-03T12:51:56","slug":"la-berta-i-les-ulleres-de-visio-empatica","status":"publish","type":"post","link":"https:\/\/blogs.cpnl.cat\/endrapalletres\/?p=187","title":{"rendered":"La Berta i les ulleres de visi\u00f3 emp\u00e0tica"},"content":{"rendered":"<p><a href=\"http:\/\/blogs.cpnl.cat\/endrapalletres\/files\/2014\/04\/Berta-i-les-ulleres-visi\u00f3-emp\u00e0tica.jpeg\"><img loading=\"lazy\" decoding=\"async\" class=\"alignnone size-full wp-image-188\" alt=\"Berta i les ulleres visi\u00f3 emp\u00e0tica\" src=\"http:\/\/blogs.cpnl.cat\/endrapalletres\/files\/2014\/04\/Berta-i-les-ulleres-visi\u00f3-emp\u00e0tica.jpeg\" width=\"225\" height=\"224\" srcset=\"https:\/\/blogs.cpnl.cat\/endrapalletres\/files\/2014\/04\/Berta-i-les-ulleres-visi\u00f3-emp\u00e0tica.jpeg 225w, https:\/\/blogs.cpnl.cat\/endrapalletres\/files\/2014\/04\/Berta-i-les-ulleres-visi\u00f3-emp\u00e0tica-150x150.jpeg 150w\" sizes=\"auto, (max-width: 225px) 100vw, 225px\" \/><\/a><\/p>\n<p>Autora: J\u00falia Prun\u00e9s. Il\u00b7lustrador: Oriol Gal\u00ed. Editorial: Omniabooks. Col\u00b7lecci\u00f3 &#8220;Educaci\u00f3 emocional&#8221;. Abril 2014.<\/p>\n<p>Els contes protagonitzats per la Berta s&#8217;adrecen no nom\u00e9s a un p\u00fablic familiar, sin\u00f3 tamb\u00e9 a educadors i a tots aquells que estigueu interessats en l&#8217;educaci\u00f3 emocional i les habilitats socials. Hi trobareu eines com l&#8217;empatia, l&#8217;assertivitat, l&#8217;escolta activa, l&#8217;optimisme&#8230; que us ajudaran a recon\u00e8ixer i regular les emocions i a reflexionar sobre la gesti\u00f3 de conflictes en el dia a dia i des de diversos punts de vista.<\/p>\n<p>Els contes de la Berta estan il\u00b7lustrats per diferents artistes, com diferents s\u00f3n les realitats i perspectives de cada nova aventura. Al final de cada conte trobem una p\u00e0gina amb propostes per cr\u00e9ixer en fam\u00edlia i com a persones.<\/p>\n<p>J\u00falia Prun\u00e9s \u00e9s narradora, educadora de massatge infantil, doula, conferenciant i dinamitzadora de tallers d&#8217;educaci\u00f3 emocional i gesti\u00f3 de conflictes. Per saber-ne m\u00e9s: <strong>www.creixerenfamilia.blogspot.com \/ www.juliadoula.cat<\/strong><\/p>\n<p>&nbsp;<\/p>\n","protected":false},"excerpt":{"rendered":"<p>Autora: J\u00falia Prun\u00e9s. Il\u00b7lustrador: Oriol Gal\u00ed. Editorial: Omniabooks. Col\u00b7lecci\u00f3 &#8220;Educaci\u00f3 emocional&#8221;. Abril 2014. Els contes protagonitzats per la Berta s&#8217;adrecen no nom\u00e9s a un p\u00fablic familiar, sin\u00f3 tamb\u00e9 a educadors i a tots aquells que estigueu interessats en l&#8217;educaci\u00f3 emocional i les habilitats socials. Hi trobareu eines com l&#8217;empatia, l&#8217;assertivitat, l&#8217;escolta activa, l&#8217;optimisme&#8230; que us [&hellip;]<\/p>\n","protected":false},"author":425,"featured_media":0,"comment_status":"open","ping_status":"closed","sticky":false,"template":"","format":"standard","meta":{"footnotes":""},"categories":[343,16053,13796,108,89236],"tags":[89239,92063],"class_list":["post-187","post","type-post","status-publish","format-standard","hentry","category-basic","category-elemental","category-infantil","category-intermedi","category-suficiencia-i-superior","tag-educacio-emocional","tag-sant-jordi-2014"],"_links":{"self":[{"href":"https:\/\/blogs.cpnl.cat\/endrapalletres\/index.php?rest_route=\/wp\/v2\/posts\/187","targetHints":{"allow":["GET"]}}],"collection":[{"href":"https:\/\/blogs.cpnl.cat\/endrapalletres\/index.php?rest_route=\/wp\/v2\/posts"}],"about":[{"href":"https:\/\/blogs.cpnl.cat\/endrapalletres\/index.php?rest_route=\/wp\/v2\/types\/post"}],"author":[{"embeddable":true,"href":"https:\/\/blogs.cpnl.cat\/endrapalletres\/index.php?rest_route=\/wp\/v2\/users\/425"}],"replies":[{"embeddable":true,"href":"https:\/\/blogs.cpnl.cat\/endrapalletres\/index.php?rest_route=%2Fwp%2Fv2%2Fcomments&post=187"}],"version-history":[{"count":0,"href":"https:\/\/blogs.cpnl.cat\/endrapalletres\/index.php?rest_route=\/wp\/v2\/posts\/187\/revisions"}],"wp:attachment":[{"href":"https:\/\/blogs.cpnl.cat\/endrapalletres\/index.php?rest_route=%2Fwp%2Fv2%2Fmedia&parent=187"}],"wp:term":[{"taxonomy":"category","embeddable":true,"href":"https:\/\/blogs.cpnl.cat\/endrapalletres\/index.php?rest_route=%2Fwp%2Fv2%2Fcategories&post=187"},{"taxonomy":"post_tag","embeddable":true,"href":"https:\/\/blogs.cpnl.cat\/endrapalletres\/index.php?rest_route=%2Fwp%2Fv2%2Ftags&post=187"}],"curies":[{"name":"wp","href":"https:\/\/api.w.org\/{rel}","templated":true}]}}