{"id":248,"date":"2017-08-11T10:36:15","date_gmt":"2017-08-11T08:36:15","guid":{"rendered":"http:\/\/blogs.cpnl.cat\/endrapalletres\/?p=248"},"modified":"2018-02-07T19:03:02","modified_gmt":"2018-02-07T17:03:02","slug":"5-aurora-campanes-esquelles","status":"publish","type":"post","link":"https:\/\/blogs.cpnl.cat\/endrapalletres\/?p=248","title":{"rendered":"5. Aurora: de campanes i esquelles"},"content":{"rendered":"<h2><span style=\"color: #993300;\">Aurora: de campanes i esquelles<\/span><\/h2>\n<p>Fem una llegida a aquests dos textos d\u2019Aurora Bertrana:<\/p>\n<p>&nbsp;<\/p>\n<p>Abans de la guerra&#8230;<\/p>\n<p><span style=\"font-size: 24pt;\">E<\/span>l campanar d\u2019Hernam tenia aleshores dues campanes. La grossa, la <em>Bernarda<\/em>, per b\u00e9 que una mica esquerdada, feia sentir la seva veu d\u2019una hora lluny; la petita era alegre com un picarol, i quan el campaner la feia voleiar, en els dies de festa, semblava que el cor se us reconfort\u00e9s.<\/p>\n<h6><img decoding=\"async\" src=\"https:\/\/mw2.google.com\/mw-panoramio\/photos\/medium\/55320790.jpg\" alt=\"Resultat d'imatges de etobon france\" \/><\/h6>\n<p>Campanes d\u2019Hernam! La Marta recordava ara, amb indicible enyoran\u00e7a, els tocs greus, melangiosos, de la vella <em>Bernarda<\/em> a l\u2019hora de l\u2019\u00e0ngelus, en els capaltards d\u2019estiu, quan l\u2019ombra de l\u2019alta pollancreda s\u2019allargassava infinitament i els ramats tornaven a poc a poc pels camins esborradissos, aquells camins plens de sentors amargues dels boscos, mentre les xemeneies del poble comen\u00e7aven a fumejar per a la sopa vespertina&#8230;<\/p>\n<p>Ara, el campanar era mut, i l\u2019herba hi creixia com una cabellera de profeta salvatge: com pesava aquell silenci!<\/p>\n<p><span style=\"font-size: 8pt;\">Aurora Bertrana,\u00a0<em>Entre dos silencis,\u00a0<\/em>Barcelona, Club Editor, 2006, <\/span><span style=\"font-size: 8pt;\">p. 60.<\/span><\/p>\n<p><span style=\"font-size: 8pt;\">Fotografia: Vista del poble i del campanar d&#8217;\u00c9tobon, que en l&#8217;obra d&#8217;Aurora Bertrana pren el nom d&#8217;Hernam. Font de la fotografia, [en l\u00ednia]: <em>Etobon destination guide (Franche-Compt\u00e9).<\/em><\/span><\/p>\n<h6><\/h6>\n<p><img loading=\"lazy\" decoding=\"async\" class=\"alignleft\" src=\"https:\/\/2.bp.blogspot.com\/-66XuNrOxXIg\/VCWYi6dukhI\/AAAAAAAA4iI\/9qiVmsSxr5s\/s1600\/DSCF3674.JPG\" width=\"396\" height=\"297\" \/><\/p>\n<p>&nbsp;<\/p>\n<p><span style=\"font-size: 24pt;\">N<\/span>o es sentia cap remor ni dins ni fora de la casa. Hugel, com molts altres despr\u00e9s de la guerra, era un poble on ning\u00fa no reia ni cantava ni gosava quasi parlar, un poble on havien llevat les esquelles a les vaques perqu\u00e8 aquell dringar era massa alegre i semblava un insult als morts.<\/p>\n<p><span style=\"font-size: 8pt;\">Aurora Bertrana, <em>Tres presoners<\/em>, Barcelona, Club Editor Jove, 2007, p. 35<\/span><\/p>\n<p>&nbsp;<\/p>\n<p><span style=\"font-size: 8pt;\">[En l\u00ednia]: quinalafem.blogspot.com.es (fotografia 5\/53)<\/span><\/p>\n<p><span style=\"font-size: 18pt; color: #993300;\"><strong>Per si et ve de gust: <\/strong><\/span><\/p>\n<p><span style=\"color: #993300;\"><span style=\"font-size: 12pt;\">Pots parlar sobre una d&#8217;aque<\/span>stes q\u00fcestions o sobre el que a tu t&#8217;hagin suggerit aquests textos d&#8217;Aurora Bertrana.<\/span><\/p>\n<p><span style=\"color: #993300;\">L&#8217;autora en un determinat moment diu \u201ccom pesava aquell silenci\u201d per qu\u00e8? Tots els silencis s\u00f3n bons? Per a qu\u00e8 han servit les campanes al llarg de la hist\u00f2ria? T&#8217;agradaria anar dalt d&#8217;un campanar per sentir un concert de campanes? I sentir les esquelles de les vaques a la muntanya, t&#8217;agrada? Qu\u00e8 en penses de la pol\u00e8mica sobre si les campanes han de tocar o no perqu\u00e8 molesten els turistes? Per qu\u00e8 deuen portar esquella les vaques? Seria millor que no en portessin, ja que aix\u00ed no hi hauria tant de soroll? Si hi ha algun altre tema que s&#8217;hi relacioni que vulguis desenvolupar, tamb\u00e9 ho pots fer.<\/span><\/p>\n<p>(Pots escriure un text de 100 o 120 paraules&#8230; m\u00e9s o menys o les que et surtin).<\/p>\n<p><span style=\"color: #993300;\">[Propera anotaci\u00f3 al blog: 14 de setembre]<\/span><\/p>\n<p>&nbsp;<\/p>\n","protected":false},"excerpt":{"rendered":"<p>Aurora: de campanes i esquelles Fem una llegida a aquests dos textos d\u2019Aurora Bertrana: &nbsp; Abans de la guerra&#8230; El campanar d\u2019Hernam tenia aleshores dues campanes. La grossa, la Bernarda, per b\u00e9 que una mica esquerdada, feia sentir la seva veu d\u2019una hora lluny; la petita era alegre com un picarol, i quan el campaner [&hellip;]<\/p>\n","protected":false},"author":406,"featured_media":0,"comment_status":"open","ping_status":"closed","sticky":false,"template":"","format":"standard","meta":{"footnotes":""},"categories":[6],"tags":[],"class_list":["post-248","post","type-post","status-publish","format-standard","hentry","category-general"],"_links":{"self":[{"href":"https:\/\/blogs.cpnl.cat\/endrapalletres\/index.php?rest_route=\/wp\/v2\/posts\/248","targetHints":{"allow":["GET"]}}],"collection":[{"href":"https:\/\/blogs.cpnl.cat\/endrapalletres\/index.php?rest_route=\/wp\/v2\/posts"}],"about":[{"href":"https:\/\/blogs.cpnl.cat\/endrapalletres\/index.php?rest_route=\/wp\/v2\/types\/post"}],"author":[{"embeddable":true,"href":"https:\/\/blogs.cpnl.cat\/endrapalletres\/index.php?rest_route=\/wp\/v2\/users\/406"}],"replies":[{"embeddable":true,"href":"https:\/\/blogs.cpnl.cat\/endrapalletres\/index.php?rest_route=%2Fwp%2Fv2%2Fcomments&post=248"}],"version-history":[{"count":0,"href":"https:\/\/blogs.cpnl.cat\/endrapalletres\/index.php?rest_route=\/wp\/v2\/posts\/248\/revisions"}],"wp:attachment":[{"href":"https:\/\/blogs.cpnl.cat\/endrapalletres\/index.php?rest_route=%2Fwp%2Fv2%2Fmedia&parent=248"}],"wp:term":[{"taxonomy":"category","embeddable":true,"href":"https:\/\/blogs.cpnl.cat\/endrapalletres\/index.php?rest_route=%2Fwp%2Fv2%2Fcategories&post=248"},{"taxonomy":"post_tag","embeddable":true,"href":"https:\/\/blogs.cpnl.cat\/endrapalletres\/index.php?rest_route=%2Fwp%2Fv2%2Ftags&post=248"}],"curies":[{"name":"wp","href":"https:\/\/api.w.org\/{rel}","templated":true}]}}