{"id":249,"date":"2017-09-15T08:32:31","date_gmt":"2017-09-15T06:32:31","guid":{"rendered":"http:\/\/blogs.cpnl.cat\/endrapalletres\/?p=249"},"modified":"2018-02-07T19:04:48","modified_gmt":"2018-02-07T17:04:48","slug":"6-prudenci-cors-dona-que-arriben-arreu","status":"publish","type":"post","link":"https:\/\/blogs.cpnl.cat\/endrapalletres\/?p=249","title":{"rendered":"6. Prudenci: cors de dona que arriben arreu"},"content":{"rendered":"<h2><span style=\"color: #993300;\">Cors de dona que arriben arreu<\/span><\/h2>\n<p><span style=\"color: #993300;\">En unes poques ratlles, Bertrana ens fa el dibuix de les feines d\u2019una masovera abans d&#8217;anar a vendre un parell de pollastres i un cistell d&#8217;ous al mercat: <\/span><\/p>\n<p><img loading=\"lazy\" decoding=\"async\" class=\"alignnone\" src=\"http:\/\/www.festadelmercat.cat\/images\/thumbnails\/images\/114-fill-640x387.jpg\" alt=\"114.jpg\" width=\"534\" height=\"323\" \/><\/p>\n<p><span style=\"font-size: 24pt;\"><strong>E<\/strong><\/span><span style=\"font-size: 14pt;\">l sol era ben alt quan la Francisca emprenia el cam\u00ed de la vila. Abans ha hagut de donar les sopes al menut, l&#8217;esmorzar al Zidro, la perolada als garrins, un bra\u00e7at de meuca a les vaques i una untura d&#8217;oli de llangardaix al costellam del sogre, qui s&#8217;imagina de tenir una pulmonia. A m\u00e9s s&#8217;\u00e9s clenxinada. Asseguda en una cadira mitjana, amb un tros d&#8217;espill que no espilla afermat a un esvoranc de la paret, un platic de llauna curull d&#8217;aigua a terra, i un pam de cord\u00f3 negre i unes quantes agulles de ganxo a la falda, ha comen\u00e7at a passar-se l&#8217;escarpidor per la cabellera. Ha enllestit de seguida. A for\u00e7a d&#8217;aigua i estrebades s&#8217;\u00e9s fet un monyo com el puny, i la seva testa xopa ha pres un aire eixerit de mustela.<\/span><\/p>\n<p><span style=\"font-size: 10pt;\">Prudenci Bertrana, \u00abLa masovera se&#8217;n va al mercat\u00bb dins <em>Els <\/em>herois, publicat a <em>Tots els contes<\/em>, Edici\u00f3 d&#8217;Agn\u00e8s Prats i introducci\u00f3 de Xavier Pla, Girona, Edicions de la ela geminada, 2016, p. 435<\/span><\/p>\n<p><span style=\"font-size: 10pt;\"><span style=\"color: #000000;\">[Fotografia en l\u00ednia]: Festa del mercat.cat\/Amposta<\/span><\/span><\/p>\n<p>&nbsp;<\/p>\n<p><strong><span style=\"color: #993300;\"><span style=\"font-size: 18pt;\">Per si et ve de gust:<\/span><\/span><\/strong><\/p>\n<p><span style=\"font-size: 12pt;\"><span style=\"color: #993300;\">Despr\u00e9s de tot aix\u00f2, i no sense esbatussar-s&#8217;hi, la Francisca pren els pollastres, els ous i decidida, pels camins rurals, se&#8217;n va a vendre-ho al mercat. Inventa&#8217;t, en poca extensi\u00f3, la resta del dia de la Francisca. Un altre tema: compara els matins d\u2019una dona actual de ciutat amb una dona de camp de comen\u00e7aments del segle XX i reflexiona si l&#8217;estr\u00e8s existia tamb\u00e9 abans o \u00e9s una malaltia de les ciutats i de la societat actual. La vida al camp et sembla buc\u00f2lica? Tamb\u00e9 pots escriure un nota sobre com ha canviat la manera de fer-se la toaleta. Et sorprenen les paraules i expressions que empra Bertrana?<\/span><\/span><\/p>\n<p><span style=\"color: #993300;\">(Ho pots fer en unes 100 o 150 paraules)<\/span><\/p>\n<p><span style=\"color: #993300;\"><strong>[Propera anotaci\u00f3 al blog: 19 d&#8217;octubre]<\/strong><\/span><\/p>\n","protected":false},"excerpt":{"rendered":"<p>Cors de dona que arriben arreu En unes poques ratlles, Bertrana ens fa el dibuix de les feines d\u2019una masovera abans d&#8217;anar a vendre un parell de pollastres i un cistell d&#8217;ous al mercat: El sol era ben alt quan la Francisca emprenia el cam\u00ed de la vila. Abans ha hagut de donar les sopes [&hellip;]<\/p>\n","protected":false},"author":406,"featured_media":0,"comment_status":"open","ping_status":"closed","sticky":false,"template":"","format":"standard","meta":{"footnotes":""},"categories":[6],"tags":[],"class_list":["post-249","post","type-post","status-publish","format-standard","hentry","category-general"],"_links":{"self":[{"href":"https:\/\/blogs.cpnl.cat\/endrapalletres\/index.php?rest_route=\/wp\/v2\/posts\/249","targetHints":{"allow":["GET"]}}],"collection":[{"href":"https:\/\/blogs.cpnl.cat\/endrapalletres\/index.php?rest_route=\/wp\/v2\/posts"}],"about":[{"href":"https:\/\/blogs.cpnl.cat\/endrapalletres\/index.php?rest_route=\/wp\/v2\/types\/post"}],"author":[{"embeddable":true,"href":"https:\/\/blogs.cpnl.cat\/endrapalletres\/index.php?rest_route=\/wp\/v2\/users\/406"}],"replies":[{"embeddable":true,"href":"https:\/\/blogs.cpnl.cat\/endrapalletres\/index.php?rest_route=%2Fwp%2Fv2%2Fcomments&post=249"}],"version-history":[{"count":0,"href":"https:\/\/blogs.cpnl.cat\/endrapalletres\/index.php?rest_route=\/wp\/v2\/posts\/249\/revisions"}],"wp:attachment":[{"href":"https:\/\/blogs.cpnl.cat\/endrapalletres\/index.php?rest_route=%2Fwp%2Fv2%2Fmedia&parent=249"}],"wp:term":[{"taxonomy":"category","embeddable":true,"href":"https:\/\/blogs.cpnl.cat\/endrapalletres\/index.php?rest_route=%2Fwp%2Fv2%2Fcategories&post=249"},{"taxonomy":"post_tag","embeddable":true,"href":"https:\/\/blogs.cpnl.cat\/endrapalletres\/index.php?rest_route=%2Fwp%2Fv2%2Ftags&post=249"}],"curies":[{"name":"wp","href":"https:\/\/api.w.org\/{rel}","templated":true}]}}