{"id":256,"date":"2017-11-16T10:08:34","date_gmt":"2017-11-16T08:08:34","guid":{"rendered":"http:\/\/blogs.cpnl.cat\/endrapalletres\/?p=256"},"modified":"2018-02-07T19:26:26","modified_gmt":"2018-02-07T17:26:26","slug":"8-aurora-mercadejar-placa","status":"publish","type":"post","link":"https:\/\/blogs.cpnl.cat\/endrapalletres\/?p=256","title":{"rendered":"8. Aurora: mercadejar a la pla\u00e7a"},"content":{"rendered":"<h1><span style=\"color: #993300;\">Aurora: mercadejar a la pla\u00e7a<\/span><\/h1>\n<p><span style=\"color: #993300;\">Aquesta \u00e9s l&#8217;activitat que ofereix el mercat d&#8217;una pla\u00e7a de Marr\u00e0queix un dia al mat\u00ed. Ens la pinta meravellosament b\u00e9 Aurora Bertrana:<\/span><\/p>\n<p><img loading=\"lazy\" decoding=\"async\" class=\"\" src=\"http:\/\/lapiedradesisifo.com\/wp-content\/uploads\/2014\/06\/214_plaza-jamaa-el-fna-de-marrakech.jpg\" alt=\"La Pla\u00e7a Djemaa el Fnaa\" width=\"523\" height=\"346\" \/><\/p>\n<p><span style=\"font-size: 24pt;\"><strong><span style=\"font-family: georgia, palatino, serif;\">A<\/span><\/strong><\/span><span style=\"font-size: 14pt;\">ls matins a la pla\u00e7a Djemaa El Fn\u00e0 s fa un mercat important\u00edssim: taules, tendes cistells, tot es barreja en un desordre extraordinari. Tota mena d&#8217;articles alimentaris s&#8217;agermanen amb atuells i accessoris dom\u00e8stics, remeis, indument\u00e0ria. Pir\u00e0mides de pans rodons, bruns i plans, s&#8217;enlairen davant per davant de la venedora asseguda a terra, imm\u00f2bil i ensopida sota l&#8217;embolcall blanc que deixa lliure solament els dos fanals dels ulls. Arriba un barn\u00fas ratllat o una gel\u00b7laba muntanyenca. S&#8217;inclina vers el pilot, agafa un pa, demana el preu, inquireix la data d&#8217;elaboraci\u00f3, la qualitat de la farina&#8230; D&#8217;un pessic li lleva una mica de crosta, la paladeja, mou el cap amb desil\u00b7lusi\u00f3. Torna a deixar la mercaderia, s\u2019allunya decidit. La venedora, resignada, segueix hora darrera hora esperant un nou client que far\u00e0 la mateixa funci\u00f3, fins que un darrer, menys exigent, m\u00e9s decidit o m\u00e9s apressat que els altres, compri un pa per cinc sous.<\/span><\/p>\n<p><span style=\"font-size: 14pt;\">M\u00e9s enll\u00e0 albireu una altra fantasma no menys blanca ni menys imm\u00f2bil que la primera, que roman tot el mat\u00ed davant d&#8217;un parell d&#8217;ous. Per\u00f2 degut al <em>misteri<\/em> de la mercaderia, la despatxa amb m\u00e9s dificultats.<\/span><\/p>\n<p><span style=\"font-size: 14pt;\">L&#8217;instint comercial d&#8217;aquesta ra\u00e7a \u00e9s tan viu, que un no res els sembla mercadejable: un grapat d&#8217;ametllons, tres peres verdes, rosegons de pa, un ram de menta o de marduix, un pollastre, dos pams de roba, set o vuit botons&#8230;<\/span><\/p>\n<p><span style=\"font-size: 10pt;\">Aurora Bertrana, <em>El Marroc sensual i fan\u00e0tic, <\/em>Barcelona, Editorial Columna, 2000, p. 190-191<\/span><\/p>\n<p><span style=\"font-size: 10pt;\">[Font de la foto, en l\u00ednia]: Alejandro Gamero dins\u00a0<em>La piedra de S\u00edsifo. Gabinete de curiosidades,\u00a0<\/em>22\/09\/2010<\/span><\/p>\n<p><span style=\"font-size: 18pt;\"><strong><span style=\"color: #993300;\">PER SI ET VE DE GUST:<\/span><\/strong><\/span><\/p>\n<p><span style=\"color: #993300;\">Aquesta descripci\u00f3 \u00e9s del mercat a l&#8217;aire lliure dels anys 30. Creus que han canviat gaire aquests tipus de mercats a Marr\u00e0queix? Aquest instint comerciant innat de qu\u00e8 parla Aurora Bertrana \u00e9s general o s&#8217;associa amb determinades societats? Al nostre pa\u00eds, des de fa un anys, han proliferat els mercats de segona m\u00e0, qu\u00e8 en penses? Tens alguna an\u00e8cdota que t&#8217;hagi passat en algun mercat d&#8217;aqu\u00ed, d&#8217;all\u00e0 o de m\u00e9s enll\u00e0?<\/span><\/p>\n<p><span style=\"color: #993300;\">Pots parlar de qualsevol cosa d&#8217;aquestes o del que et vingui de gust relacionada amb el tema.<\/span><\/p>\n<p><span style=\"color: #993300;\">(Ho pots fer en unes 150 paraules).<\/span><\/p>\n<p><strong><span style=\"color: #993300;\">[Propera anotaci\u00f3 al blog: 18 de desembre]<\/span><\/strong><\/p>\n","protected":false},"excerpt":{"rendered":"<p>Aurora: mercadejar a la pla\u00e7a Aquesta \u00e9s l&#8217;activitat que ofereix el mercat d&#8217;una pla\u00e7a de Marr\u00e0queix un dia al mat\u00ed. Ens la pinta meravellosament b\u00e9 Aurora Bertrana: Als matins a la pla\u00e7a Djemaa El Fn\u00e0 s fa un mercat important\u00edssim: taules, tendes cistells, tot es barreja en un desordre extraordinari. Tota mena d&#8217;articles alimentaris s&#8217;agermanen [&hellip;]<\/p>\n","protected":false},"author":406,"featured_media":0,"comment_status":"open","ping_status":"closed","sticky":false,"template":"","format":"standard","meta":{"footnotes":""},"categories":[6],"tags":[],"class_list":["post-256","post","type-post","status-publish","format-standard","hentry","category-general"],"_links":{"self":[{"href":"https:\/\/blogs.cpnl.cat\/endrapalletres\/index.php?rest_route=\/wp\/v2\/posts\/256","targetHints":{"allow":["GET"]}}],"collection":[{"href":"https:\/\/blogs.cpnl.cat\/endrapalletres\/index.php?rest_route=\/wp\/v2\/posts"}],"about":[{"href":"https:\/\/blogs.cpnl.cat\/endrapalletres\/index.php?rest_route=\/wp\/v2\/types\/post"}],"author":[{"embeddable":true,"href":"https:\/\/blogs.cpnl.cat\/endrapalletres\/index.php?rest_route=\/wp\/v2\/users\/406"}],"replies":[{"embeddable":true,"href":"https:\/\/blogs.cpnl.cat\/endrapalletres\/index.php?rest_route=%2Fwp%2Fv2%2Fcomments&post=256"}],"version-history":[{"count":0,"href":"https:\/\/blogs.cpnl.cat\/endrapalletres\/index.php?rest_route=\/wp\/v2\/posts\/256\/revisions"}],"wp:attachment":[{"href":"https:\/\/blogs.cpnl.cat\/endrapalletres\/index.php?rest_route=%2Fwp%2Fv2%2Fmedia&parent=256"}],"wp:term":[{"taxonomy":"category","embeddable":true,"href":"https:\/\/blogs.cpnl.cat\/endrapalletres\/index.php?rest_route=%2Fwp%2Fv2%2Fcategories&post=256"},{"taxonomy":"post_tag","embeddable":true,"href":"https:\/\/blogs.cpnl.cat\/endrapalletres\/index.php?rest_route=%2Fwp%2Fv2%2Ftags&post=256"}],"curies":[{"name":"wp","href":"https:\/\/api.w.org\/{rel}","templated":true}]}}