{"id":304,"date":"2018-05-14T12:21:07","date_gmt":"2018-05-14T10:21:07","guid":{"rendered":"https:\/\/blogs.cpnl.cat\/endrapalletres\/?p=304"},"modified":"2018-08-07T19:06:49","modified_gmt":"2018-08-07T17:06:49","slug":"apunt-de-maig-manuel-de-pedrolo","status":"publish","type":"post","link":"https:\/\/blogs.cpnl.cat\/endrapalletres\/?p=304","title":{"rendered":"Apunt de maig: Manuel de Pedrolo"},"content":{"rendered":"<h1><a href=\"https:\/\/blogs.cpnl.cat\/endrapalletres\/files\/2018\/03\/Manuel-de-Pedrolo_vertical_web_rgb.png\"><img loading=\"lazy\" decoding=\"async\" class=\"size-medium wp-image-281 alignleft\" src=\"https:\/\/blogs.cpnl.cat\/endrapalletres\/files\/2018\/03\/Manuel-de-Pedrolo_vertical_web_rgb-169x300.png\" alt=\"\" width=\"169\" height=\"300\" srcset=\"https:\/\/blogs.cpnl.cat\/endrapalletres\/files\/2018\/03\/Manuel-de-Pedrolo_vertical_web_rgb-169x300.png 169w, https:\/\/blogs.cpnl.cat\/endrapalletres\/files\/2018\/03\/Manuel-de-Pedrolo_vertical_web_rgb-768x1363.png 768w, https:\/\/blogs.cpnl.cat\/endrapalletres\/files\/2018\/03\/Manuel-de-Pedrolo_vertical_web_rgb-577x1024.png 577w, https:\/\/blogs.cpnl.cat\/endrapalletres\/files\/2018\/03\/Manuel-de-Pedrolo_vertical_web_rgb.png 1535w\" sizes=\"auto, (max-width: 169px) 100vw, 169px\" \/><\/a><\/h1>\n<h1><\/h1>\n<h1><span style=\"color: #993366;\">Perdoni, tenen cementiri?<\/span><\/h1>\n<p>&nbsp;<\/p>\n<p>&nbsp;<\/p>\n<p><span style=\"font-size: 24pt; color: #993366;\">A<\/span><span style=\"font-size: 14pt;\">quest imaginatiu i suggeridor conte de Pedrolo que \u00e9s <span style=\"color: #993366;\"><strong>\u00abEl regressiu\u00bb<\/strong><\/span> narra la vida d&#8217;un home per a qui les agulles del rellotge de la vida van al rev\u00e9s, \u00e9s a dir, en la mesura que el lector va passant p\u00e0gines el protagonista canvia d&#8217;estat. Un cavern\u00edcola? Un simi, potser? Ca, home. No! \u00c9s una hist\u00f2ria com la del doctor Jekyll i mister Hyde? Tampoc! Ho sentim, no podem trair l&#8217;autor. L&#8217;\u00fanic que avan\u00e7arem per fer comprensible el fragment que proposem \u00e9s que aquest personatge ha de viure amagat de la just\u00edcia en una ciutat que encara \u00e9s m\u00e9s \u00abmoderna\u00bb que la m\u00e9s moderna que ens pugem imaginar. [Nota: El personatge anomenat Darc \u00e9s el net del protagonista].<\/span><\/p>\n<p>&nbsp;<\/p>\n<p><a href=\"https:\/\/blogs.cpnl.cat\/endrapalletres\/files\/2018\/04\/images.jpg\"><img loading=\"lazy\" decoding=\"async\" class=\"wp-image-307 alignnone\" src=\"https:\/\/blogs.cpnl.cat\/endrapalletres\/files\/2018\/04\/images.jpg\" alt=\"\" width=\"475\" height=\"404\" \/><\/a><\/p>\n<p>&nbsp;<\/p>\n<p><span style=\"font-size: 14pt; color: #808080;\">\u00abS&#8217;hi avenia for\u00e7a amb en Darc. Es passaven moltes estones plegats, i al nen li agradava que li cont\u00e9s coses de quan encara hi havia cotxes particulars o cases amb jard\u00ed. Ell havia arribar a temps de con\u00e8ixer-ho, tot aix\u00f2, per\u00f2 ara de cotxes ja nom\u00e9s en tenien alguns organismes especialitzats, com els bombers, o els hospitals d&#8217;urg\u00e8ncia, que combinaven el transport terrestre amb el transport aeri. El sotaciutat era una xarxa immensa i complicad\u00edssima de metros, refor\u00e7ada per una altra xarxa d&#8217;autobusos, pr\u00e0cticament l&#8217;\u00fanic servei de la superf\u00edcie, ja que fins i tot els taxis eren helic\u00f2pters, ara. Quant als jardins&#8230;, com podia haver-hi jardins particulars si ja no quedava cap torreta, cap xalet, i tot eren edificis de deu pisos cap amunt, ben amuntegats l&#8217;un al costat de l&#8217;altre? La ciutat, d&#8217;altra banda, s&#8217;estenia ininterrompudament des de Malgrat a T\u00e0rrega, des del mar a Igualada, amb zones tan densament poblades que eren conegudes amb el malnom de\u00a0\u00ables formigueres\u00bb. Unes quantes eren pitjor que aix\u00f2. Hi havia edificis de cinc-cents pisos i m\u00e9s, molts d&#8217;ells posteriorment dividits i subdividits pels propietaris en apartaments d&#8217;una o dues habitacions independents. La poblaci\u00f3 d&#8217;algunes d&#8217;aquestes construccions es deia si arribava a les vuit mil persones, la majoria d&#8217;elles gent sense ocupacions gaire regulars, si no delinq\u00fcents professionals. Eren indrets en els quals la policia no s&#8217;atrevia a penetrar com no fos per motius poderosos i amb un desplegament de forces impressionant.\u00bb<\/span><\/p>\n<p><span style=\"font-size: 10pt;\">Manuel de Pedrolo,\u00a0\u00abEl regressiu\u00bb, dins\u00a0<em>Vint-i-vuit contes<\/em> ( a cura de Jordi Coca), Barcelona: Edicions 62,\u00a0\u00abEl Balanc\u00ed\u00bb, 2009, p. 366-367.<\/span><\/p>\n<p><span style=\"font-size: 10pt;\">[Imatge digital]: La densidad arquitect\u00f3nica en Hong Kong en fotograf\u00edas<\/span><\/p>\n<p><span style=\"font-size: 14pt; color: #000000;\"><span style=\"color: #800080;\"><strong><span style=\"font-size: 18pt;\">Ara tu!<\/span>\u00a0<\/strong><span style=\"color: #000000;\">Fes una breu reflexi\u00f3 al blog sobre els temes que et proposem o sobre el que tu vulguis que hi tingui una m\u00ednima relaci\u00f3:\u00a0<\/span><\/span><\/span><\/p>\n<p style=\"padding-left: 30px;\"><span style=\"font-size: 14pt;\">1. Qu\u00e8 opines d&#8217;aquest fragment de Pedrolo?<\/span><\/p>\n<p style=\"padding-left: 30px;\"><span style=\"font-size: 14pt;\">2. Creus que les nostres ciutats arribaran al punt de saturaci\u00f3 com aquesta gran extensi\u00f3 que descriu Pedrolo?<\/span><\/p>\n<p style=\"padding-left: 30px;\"><span style=\"font-size: 14pt;\">3. Si s&#8217;hi arrib\u00e9s, com creus que seria la subsist\u00e8ncia? On anir\u00edem a collir fruites i verdures? Per on es passejarien &#8220;les gallines en llibertat&#8221;?<\/span><\/p>\n<p style=\"padding-left: 30px;\"><span style=\"font-size: 14pt;\">4. Imagina&#8217;t, per un moment, que vius en aquesta ciutat. De qu\u00e8 tindries ganes de queixar-te a l&#8217;autoritat m\u00e0xima?<\/span><\/p>\n<p style=\"padding-left: 30px;\"><span style=\"font-size: 14pt;\">5. Si per un mal atzar haguessis de fugir de la just\u00edcia quin paisatge triaries per amagar-te: urb\u00e0 o rural?, mar o muntanya?, cova o castell?<\/span><\/p>\n<p><a href=\"https:\/\/blogs.cpnl.cat\/endrapalletres\/files\/2018\/04\/Pedrolo-amb-cigarreta.jpg\"><img loading=\"lazy\" decoding=\"async\" class=\"wp-image-309 alignleft\" src=\"https:\/\/blogs.cpnl.cat\/endrapalletres\/files\/2018\/04\/Pedrolo-amb-cigarreta.jpg\" alt=\"\" width=\"221\" height=\"160\" \/><\/a><\/p>\n<p>&nbsp;<\/p>\n<p>Propera anotaci\u00f3 al blog: 8 de juny<\/p>\n","protected":false},"excerpt":{"rendered":"<p>Perdoni, tenen cementiri? &nbsp; &nbsp; Aquest imaginatiu i suggeridor conte de Pedrolo que \u00e9s \u00abEl regressiu\u00bb narra la vida d&#8217;un home per a qui les agulles del rellotge de la vida van al rev\u00e9s, \u00e9s a dir, en la mesura que el lector va passant p\u00e0gines el protagonista canvia d&#8217;estat. Un cavern\u00edcola? Un simi, potser? [&hellip;]<\/p>\n","protected":false},"author":406,"featured_media":0,"comment_status":"open","ping_status":"closed","sticky":false,"template":"","format":"standard","meta":{"footnotes":""},"categories":[6],"tags":[],"class_list":["post-304","post","type-post","status-publish","format-standard","hentry","category-general"],"_links":{"self":[{"href":"https:\/\/blogs.cpnl.cat\/endrapalletres\/index.php?rest_route=\/wp\/v2\/posts\/304","targetHints":{"allow":["GET"]}}],"collection":[{"href":"https:\/\/blogs.cpnl.cat\/endrapalletres\/index.php?rest_route=\/wp\/v2\/posts"}],"about":[{"href":"https:\/\/blogs.cpnl.cat\/endrapalletres\/index.php?rest_route=\/wp\/v2\/types\/post"}],"author":[{"embeddable":true,"href":"https:\/\/blogs.cpnl.cat\/endrapalletres\/index.php?rest_route=\/wp\/v2\/users\/406"}],"replies":[{"embeddable":true,"href":"https:\/\/blogs.cpnl.cat\/endrapalletres\/index.php?rest_route=%2Fwp%2Fv2%2Fcomments&post=304"}],"version-history":[{"count":0,"href":"https:\/\/blogs.cpnl.cat\/endrapalletres\/index.php?rest_route=\/wp\/v2\/posts\/304\/revisions"}],"wp:attachment":[{"href":"https:\/\/blogs.cpnl.cat\/endrapalletres\/index.php?rest_route=%2Fwp%2Fv2%2Fmedia&parent=304"}],"wp:term":[{"taxonomy":"category","embeddable":true,"href":"https:\/\/blogs.cpnl.cat\/endrapalletres\/index.php?rest_route=%2Fwp%2Fv2%2Fcategories&post=304"},{"taxonomy":"post_tag","embeddable":true,"href":"https:\/\/blogs.cpnl.cat\/endrapalletres\/index.php?rest_route=%2Fwp%2Fv2%2Ftags&post=304"}],"curies":[{"name":"wp","href":"https:\/\/api.w.org\/{rel}","templated":true}]}}