{"id":314,"date":"2018-06-11T08:32:24","date_gmt":"2018-06-11T06:32:24","guid":{"rendered":"https:\/\/blogs.cpnl.cat\/endrapalletres\/?p=314"},"modified":"2018-07-09T13:29:17","modified_gmt":"2018-07-09T11:29:17","slug":"apunt-de-juny-pompeu-fabra-dificultat-baixa","status":"publish","type":"post","link":"https:\/\/blogs.cpnl.cat\/endrapalletres\/?p=314","title":{"rendered":"Apunt de juny: Pompeu Fabra (dificultat baixa)"},"content":{"rendered":"<h1><span style=\"color: #bd2626; font-size: 14pt;\"><a href=\"https:\/\/blogs.cpnl.cat\/endrapalletres\/files\/2018\/03\/Imatge-2.jpg\"><img loading=\"lazy\" decoding=\"async\" class=\"alignleft wp-image-280\" src=\"https:\/\/blogs.cpnl.cat\/endrapalletres\/files\/2018\/03\/Imatge-2.jpg\" alt=\"\" width=\"233\" height=\"224\" \/><\/a><span style=\"font-size: 24pt;\">Jo blasfemo i tu renegues&#8230; i tots som malparlats?<\/span><\/span><\/h1>\n<p>&nbsp;<\/p>\n<p>&nbsp;<\/p>\n<p><span style=\"font-size: 14pt; color: #000000;\"><span style=\"font-size: 24pt; color: #b52a2a;\">S<\/span>egons diuen el poble catal\u00e0 es caracteritza per parlar amb grolleria. El ventall \u00e9s gener\u00f3s: el renec, la tem\u00e0tica escatol\u00f2gica, l&#8217;insult gruixut, l&#8217;acudit picant, la paraula blasfema, els eufemismes&#8230; <\/span><\/p>\n<p><span style=\"font-size: 14pt;\">Aqu\u00ed teniu, per mitj\u00e0 de Carola Fabra, l&#8217;opini\u00f3 que al seu pare mereixia el parlar descurat:\u00a0<\/span><\/p>\n<p><span style=\"font-size: 14pt; color: #808080;\"><em>\u00ab\u2015El seu pare no havia dit mai cap taco?<\/em><\/span><\/p>\n<p><span style=\"font-size: 14pt; color: #808080;\"><em>\u2015<\/em>No, ni tan sols \u00abcarai\u00bb. Els tacos empobreixen l&#8217;idioma. El meu pare deia que si en una conversa hi ha un individu que va dient paraulotes, \u00e9s que no sap qu\u00e8 ha de dir, i quan per defensar el que vol dir hi posa renecs, empobreix l&#8217;idioma; \u00e9s com l&#8217;\u00abalors\u00bb franc\u00e8s. Els francesos diuen \u00abalors, alors\u00bb quan no saben qu\u00e8 dir. El meu pare potser alguna vega<a href=\"https:\/\/blogs.cpnl.cat\/endrapalletres\/files\/2018\/05\/Rajola-del-no-renec.jpg\"><img loading=\"lazy\" decoding=\"async\" class=\"alignleft wp-image-315\" src=\"https:\/\/blogs.cpnl.cat\/endrapalletres\/files\/2018\/05\/Rajola-del-no-renec-300x158.jpg\" alt=\"\" width=\"328\" height=\"173\" srcset=\"https:\/\/blogs.cpnl.cat\/endrapalletres\/files\/2018\/05\/Rajola-del-no-renec-300x158.jpg 300w, https:\/\/blogs.cpnl.cat\/endrapalletres\/files\/2018\/05\/Rajola-del-no-renec.jpg 310w\" sizes=\"auto, (max-width: 328px) 100vw, 328px\" \/><\/a>da havia dit \u00abcaram\u00bb, per\u00f2 \u00e9s que ell no s&#8217;enfadava mai. I si s&#8217;enfadava, era per dintre, per aix\u00f2 va patir tant. Durant l&#8217;exili va patir horrors. Nosaltres ho sab\u00edem perqu\u00e8 el coneix\u00edem. Per\u00f2 no va dir mai res. Mai es va queixar, la meva mare deia: \u00abv\u00e9s-hi, i els dius que no tens per menjar, que s\u00f3n uns&#8230;\u00bb, i ell res, ni contestava, anava llegint el diari, o escrivint o el que fos, no s&#8217;immutava mai per res. En aix\u00f2 s\u00ed que no m&#8217;hi assemblo. La que s&#8217;hi assembla m\u00e9s \u00e9s la meva germana, la que ara est\u00e0 malalta, que \u00e9s molt reservada, com ell. Jo s\u00f3c patim-patam, com la meva mare. El meu pare deia: \u00abde seguida us esvereu. No us esvereu tant, digueu les coses amb tranquil\u00b7litat i no us enfadeu\u00bb.<\/span><\/p>\n<p><span style=\"font-size: 10pt;\"><em>Pompeu Fabra, el meu pare. Records personals de Carola Fabra, <\/em>recollits per Rosa M. Pi\u00f1ol. Barcelona: La Campana, 1991. p. 19.<\/span><\/p>\n<p><span style=\"font-size: 10pt;\">[Imatge en l\u00ednia, publicada a]: Josep Aransa i Ferrer,\u00a0\u00abRenecs, blasf\u00e8mies i flastomies\u00bb,\u00a0<em>El Barrinaire<\/em> (blog), 14\/06\/2015.<\/span><\/p>\n<p><span style=\"color: #000000; font-size: 14pt;\"><strong><span style=\"color: #b82323; font-size: 18pt;\">Ara tu!\u00a0<\/span><\/strong><\/span><\/p>\n<p><span style=\"color: #000000; font-size: 14pt;\">Hi ha qui pensa, contr\u00e0riament a Pompeu Fabra, que el renec \u00e9s una forma d&#8217;enriquir la llengua. De quina opini\u00f3 ets? Potser tens una opini\u00f3 matisada?<\/span><\/p>\n<p><span style=\"font-size: 14pt;\">Creus, com Carola Fabra, que el renec fa la mateixa funci\u00f3 que un <em>daixonses<\/em> o un <em>dallonses<\/em> quan no ens ve a a la mem\u00f2ria la paraula que volem dir:\u00a0\u00abHe vist en Daixonses pel carrer i m&#8217;ha donat records per en Dallonses\u00bb.\u00a0<\/span><\/p>\n<p><span style=\"font-size: 14pt;\">Consideres que alg\u00fa que constantment parli amb renecs i paraules excessivament vagues pot tenir un discurs que s&#8217;entengui b\u00e9?<\/span><\/p>\n<p><span style=\"font-size: 14pt;\">Tens els teus renecs preferits? En quines situacions els fas servir? Ens en pots explicar alguna an\u00e8cdota, si et ve de gust.\u00a0<\/span><\/p>\n<p><span style=\"font-size: 14pt;\">Podries buscar la paraula\u00a0<em>taco <\/em>al diccionari normatiu, que \u00e9s la que fa servir tant l&#8217;entrevistadora com Carola Fabra en el llibre, i veure si t\u00e9 una accepci\u00f3 que vulgui dir <em>renec<\/em>. Per qu\u00e8 creus que la fan servir, en lloc de <em>renec<\/em>?<\/span><\/p>\n<p><span style=\"font-size: 14pt;\">A la revista digital\u00a0<em>N\u00favol,\u00a0<\/em>Elisabet Armengol parla d&#8217;onze coses que ens fan proper Pompeu Fabra; una est\u00e0 relacionada amb els renecs i amb unes paraules que sobre la q\u00fcesti\u00f3 van mantenir Pompeu Fabra i l&#8217;escriptor Josep M. de Sagarra. Et donem l&#8217;enlla\u00e7 i esperem que t&#8217;hi facis un tip de riure.\u00a0<\/span><\/p>\n<p><a href=\"https:\/\/www.nuvol.com\/noticies\/deu-coses-que-no-sabies-de-pompeu-fabra\/\">\u00abOnze coses que no sabies de Pompeu Fabra\u00bb<\/a><\/p>\n<p>Proper apunt al blog: 13 de juliol<\/p>\n<p>&nbsp;<\/p>\n","protected":false},"excerpt":{"rendered":"<p>Jo blasfemo i tu renegues&#8230; i tots som malparlats? &nbsp; &nbsp; Segons diuen el poble catal\u00e0 es caracteritza per parlar amb grolleria. El ventall \u00e9s gener\u00f3s: el renec, la tem\u00e0tica escatol\u00f2gica, l&#8217;insult gruixut, l&#8217;acudit picant, la paraula blasfema, els eufemismes&#8230; Aqu\u00ed teniu, per mitj\u00e0 de Carola Fabra, l&#8217;opini\u00f3 que al seu pare mereixia el parlar [&hellip;]<\/p>\n","protected":false},"author":406,"featured_media":0,"comment_status":"open","ping_status":"closed","sticky":false,"template":"","format":"standard","meta":{"footnotes":""},"categories":[6],"tags":[],"class_list":["post-314","post","type-post","status-publish","format-standard","hentry","category-general"],"_links":{"self":[{"href":"https:\/\/blogs.cpnl.cat\/endrapalletres\/index.php?rest_route=\/wp\/v2\/posts\/314","targetHints":{"allow":["GET"]}}],"collection":[{"href":"https:\/\/blogs.cpnl.cat\/endrapalletres\/index.php?rest_route=\/wp\/v2\/posts"}],"about":[{"href":"https:\/\/blogs.cpnl.cat\/endrapalletres\/index.php?rest_route=\/wp\/v2\/types\/post"}],"author":[{"embeddable":true,"href":"https:\/\/blogs.cpnl.cat\/endrapalletres\/index.php?rest_route=\/wp\/v2\/users\/406"}],"replies":[{"embeddable":true,"href":"https:\/\/blogs.cpnl.cat\/endrapalletres\/index.php?rest_route=%2Fwp%2Fv2%2Fcomments&post=314"}],"version-history":[{"count":0,"href":"https:\/\/blogs.cpnl.cat\/endrapalletres\/index.php?rest_route=\/wp\/v2\/posts\/314\/revisions"}],"wp:attachment":[{"href":"https:\/\/blogs.cpnl.cat\/endrapalletres\/index.php?rest_route=%2Fwp%2Fv2%2Fmedia&parent=314"}],"wp:term":[{"taxonomy":"category","embeddable":true,"href":"https:\/\/blogs.cpnl.cat\/endrapalletres\/index.php?rest_route=%2Fwp%2Fv2%2Fcategories&post=314"},{"taxonomy":"post_tag","embeddable":true,"href":"https:\/\/blogs.cpnl.cat\/endrapalletres\/index.php?rest_route=%2Fwp%2Fv2%2Ftags&post=314"}],"curies":[{"name":"wp","href":"https:\/\/api.w.org\/{rel}","templated":true}]}}