{"id":1538,"date":"2014-10-28T13:48:33","date_gmt":"2014-10-28T12:48:33","guid":{"rendered":"http:\/\/blogs.cpnl.cat\/sarriaambgracia\/?p=1538"},"modified":"2014-11-14T11:56:17","modified_gmt":"2014-11-14T10:56:17","slug":"ii-joc-de-llengues-al-mercat-de-sarria","status":"publish","type":"post","link":"https:\/\/blogs.cpnl.cat\/sarriaambgracia\/?p=1538","title":{"rendered":"II Joc de Lleng\u00fces al Mercat de Sarri\u00e0"},"content":{"rendered":"<p>El dimarts 28 d\u2019octubre ha tingut lloc a Sarri\u00e0 el <strong>II Joc de Lleng\u00fces al Mercat<\/strong>. Les 15 parelles de participants, formades per persones no catalanoparlants, han hagut de completar un dels tres recorreguts proposats i respondre totes les preguntes, una per parada. Al final, l\u2019Associaci\u00f3 de Venedors del Mercat els ha ofert un obsequi a cadascun.<\/p>\n<p>Amb aquesta activitat s\u2019ha aconseguit fer participar conjuntament parlants de diverses lleng\u00fces d&#8217;origen, per\u00f2 amb el catal\u00e0 com a llengua vehicular, a fi de difondre l&#8217;\u00fas social del catal\u00e0 al territori.<\/p>\n<p>A m\u00e9s, cal destacar que les parades participants del mercat s\u2019han adherit a la campanya <strong>Fes-te establiment col\u00b7laborador<\/strong> del Voluntariat per la Llengua i han signat acords de col\u00b7laboraci\u00f3 amb el CNL de Barcelona.<\/p>\n<p><a href=\"https:\/\/blogs.cpnl.cat\/sarriaambgracia\/files\/2014\/10\/unnamed8.jpg\"><img loading=\"lazy\" decoding=\"async\" class=\"alignnone  wp-image-1609\" src=\"https:\/\/blogs.cpnl.cat\/sarriaambgracia\/files\/2014\/10\/unnamed8-300x225.jpg\" alt=\"unnamed\" width=\"216\" height=\"162\" srcset=\"https:\/\/blogs.cpnl.cat\/sarriaambgracia\/files\/2014\/10\/unnamed8-300x225.jpg 300w, https:\/\/blogs.cpnl.cat\/sarriaambgracia\/files\/2014\/10\/unnamed8.jpg 996w\" sizes=\"auto, (max-width: 216px) 100vw, 216px\" \/><\/a><\/p>\n<p>&nbsp;<\/p>\n","protected":false},"excerpt":{"rendered":"<p>El dimarts 28 d\u2019octubre ha tingut lloc a Sarri\u00e0 el II Joc de Lleng\u00fces al Mercat. Les 15 parelles de participants, formades per persones no catalanoparlants, han hagut de completar un dels tres recorreguts proposats i respondre totes les preguntes, una per parada. Al final, l\u2019Associaci\u00f3 de Venedors del Mercat els ha ofert un obsequi [&hellip;]<\/p>\n","protected":false},"author":412,"featured_media":0,"comment_status":"open","ping_status":"closed","sticky":false,"template":"","format":"standard","meta":{"ngg_post_thumbnail":0,"footnotes":""},"categories":[141011,6,77424],"tags":[],"class_list":["post-1538","post","type-post","status-publish","format-standard","hentry","category-establiments-collaboradors-voluntariat-per-la-llengua","category-general","category-lespai-dels-professors"],"_links":{"self":[{"href":"https:\/\/blogs.cpnl.cat\/sarriaambgracia\/index.php?rest_route=\/wp\/v2\/posts\/1538","targetHints":{"allow":["GET"]}}],"collection":[{"href":"https:\/\/blogs.cpnl.cat\/sarriaambgracia\/index.php?rest_route=\/wp\/v2\/posts"}],"about":[{"href":"https:\/\/blogs.cpnl.cat\/sarriaambgracia\/index.php?rest_route=\/wp\/v2\/types\/post"}],"author":[{"embeddable":true,"href":"https:\/\/blogs.cpnl.cat\/sarriaambgracia\/index.php?rest_route=\/wp\/v2\/users\/412"}],"replies":[{"embeddable":true,"href":"https:\/\/blogs.cpnl.cat\/sarriaambgracia\/index.php?rest_route=%2Fwp%2Fv2%2Fcomments&post=1538"}],"version-history":[{"count":0,"href":"https:\/\/blogs.cpnl.cat\/sarriaambgracia\/index.php?rest_route=\/wp\/v2\/posts\/1538\/revisions"}],"wp:attachment":[{"href":"https:\/\/blogs.cpnl.cat\/sarriaambgracia\/index.php?rest_route=%2Fwp%2Fv2%2Fmedia&parent=1538"}],"wp:term":[{"taxonomy":"category","embeddable":true,"href":"https:\/\/blogs.cpnl.cat\/sarriaambgracia\/index.php?rest_route=%2Fwp%2Fv2%2Fcategories&post=1538"},{"taxonomy":"post_tag","embeddable":true,"href":"https:\/\/blogs.cpnl.cat\/sarriaambgracia\/index.php?rest_route=%2Fwp%2Fv2%2Ftags&post=1538"}],"curies":[{"name":"wp","href":"https:\/\/api.w.org\/{rel}","templated":true}]}}