{"id":1823,"date":"2015-03-25T12:28:25","date_gmt":"2015-03-25T11:28:25","guid":{"rendered":"http:\/\/blogs.cpnl.cat\/sarriaambgracia\/?p=1823"},"modified":"2015-04-10T11:21:44","modified_gmt":"2015-04-10T10:21:44","slug":"el-concurs-a-labril-cada-paraula-val-per-mil-al-mercat-de-sarria","status":"publish","type":"post","link":"https:\/\/blogs.cpnl.cat\/sarriaambgracia\/?p=1823","title":{"rendered":"El concurs &#8220;A l&#8217;abril cada paraula val per mil&#8221; al Mercat de Sarri\u00e0"},"content":{"rendered":"<p>Des del <strong>6 al 25 d&#8217;abril<\/strong> tindr\u00e0 lloc al\u00a0<a href=\"http:\/\/www.mercatsarria.com\/\">Mercat de Sarri\u00e0<\/a> el concurs <strong>&#8220;A l\u2019abril cada paraula val per mil&#8221;<\/strong> amb la participaci\u00f3 de l&#8217;Associaci\u00f3 de Comerciants del Mercat de Sarri\u00e0.<\/p>\n<p>Per participar-hi nom\u00e9s heu de saber trobar cinc frases fetes o refranys, escrites en cartells com ara aquest que us mostrem, que trobareu a un lloc ben visible de les parades del Mercat de Sarri\u00e0. Heu d\u2019anotar-vos-en la frase, el nom i la parada on l\u2019heu vist en una butlleta que trobareu a cada establiment i dipositar-la a l&#8217;urna de l&#8217;entrada del mercat.<\/p>\n<p>Hi haur\u00e04 premis, que consistiran en 4 vals de compra i 4 lots de llibres, i se sortejaran el dia 28 d&#8217;abril al Mercat.<\/p>\n<p>Molta sort i animeu-vos a participar-hi!<\/p>\n<p><a href=\"https:\/\/blogs.cpnl.cat\/sarriaambgracia\/files\/2015\/03\/cartell.jpg\"><img loading=\"lazy\" decoding=\"async\" class=\"alignnone  wp-image-1882\" src=\"https:\/\/blogs.cpnl.cat\/sarriaambgracia\/files\/2015\/03\/cartell-180x300.jpg\" alt=\"cartell\" width=\"138\" height=\"230\" srcset=\"https:\/\/blogs.cpnl.cat\/sarriaambgracia\/files\/2015\/03\/cartell-180x300.jpg 180w, https:\/\/blogs.cpnl.cat\/sarriaambgracia\/files\/2015\/03\/cartell-614x1024.jpg 614w, https:\/\/blogs.cpnl.cat\/sarriaambgracia\/files\/2015\/03\/cartell.jpg 1536w\" sizes=\"auto, (max-width: 138px) 100vw, 138px\" \/><\/a>\u00a0 <a href=\"https:\/\/blogs.cpnl.cat\/sarriaambgracia\/files\/2015\/03\/20150326_115047.jpg\"><img loading=\"lazy\" decoding=\"async\" class=\"alignnone  wp-image-1883\" src=\"https:\/\/blogs.cpnl.cat\/sarriaambgracia\/files\/2015\/03\/20150326_115047-180x300.jpg\" alt=\"20150326_115047\" width=\"138\" height=\"230\" srcset=\"https:\/\/blogs.cpnl.cat\/sarriaambgracia\/files\/2015\/03\/20150326_115047-180x300.jpg 180w, https:\/\/blogs.cpnl.cat\/sarriaambgracia\/files\/2015\/03\/20150326_115047-614x1024.jpg 614w, https:\/\/blogs.cpnl.cat\/sarriaambgracia\/files\/2015\/03\/20150326_115047.jpg 1536w\" sizes=\"auto, (max-width: 138px) 100vw, 138px\" \/><\/a>\u00a0 <a href=\"https:\/\/blogs.cpnl.cat\/sarriaambgracia\/files\/2015\/03\/20150326_122217.jpg\"><img loading=\"lazy\" decoding=\"async\" class=\"alignnone  wp-image-1884\" src=\"https:\/\/blogs.cpnl.cat\/sarriaambgracia\/files\/2015\/03\/20150326_122217-300x180.jpg\" alt=\"20150326_122217\" width=\"190\" height=\"114\" srcset=\"https:\/\/blogs.cpnl.cat\/sarriaambgracia\/files\/2015\/03\/20150326_122217-300x180.jpg 300w, https:\/\/blogs.cpnl.cat\/sarriaambgracia\/files\/2015\/03\/20150326_122217-1024x614.jpg 1024w\" sizes=\"auto, (max-width: 190px) 100vw, 190px\" \/><\/a><\/p>\n<p>&nbsp;<\/p>\n","protected":false},"excerpt":{"rendered":"<p>Des del 6 al 25 d&#8217;abril tindr\u00e0 lloc al\u00a0Mercat de Sarri\u00e0 el concurs &#8220;A l\u2019abril cada paraula val per mil&#8221; amb la participaci\u00f3 de l&#8217;Associaci\u00f3 de Comerciants del Mercat de Sarri\u00e0. Per participar-hi nom\u00e9s heu de saber trobar cinc frases fetes o refranys, escrites en cartells com ara aquest que us mostrem, que trobareu a [&hellip;]<\/p>\n","protected":false},"author":412,"featured_media":0,"comment_status":"open","ping_status":"closed","sticky":false,"template":"","format":"standard","meta":{"ngg_post_thumbnail":0,"footnotes":""},"categories":[6,77424],"tags":[],"class_list":["post-1823","post","type-post","status-publish","format-standard","hentry","category-general","category-lespai-dels-professors"],"_links":{"self":[{"href":"https:\/\/blogs.cpnl.cat\/sarriaambgracia\/index.php?rest_route=\/wp\/v2\/posts\/1823","targetHints":{"allow":["GET"]}}],"collection":[{"href":"https:\/\/blogs.cpnl.cat\/sarriaambgracia\/index.php?rest_route=\/wp\/v2\/posts"}],"about":[{"href":"https:\/\/blogs.cpnl.cat\/sarriaambgracia\/index.php?rest_route=\/wp\/v2\/types\/post"}],"author":[{"embeddable":true,"href":"https:\/\/blogs.cpnl.cat\/sarriaambgracia\/index.php?rest_route=\/wp\/v2\/users\/412"}],"replies":[{"embeddable":true,"href":"https:\/\/blogs.cpnl.cat\/sarriaambgracia\/index.php?rest_route=%2Fwp%2Fv2%2Fcomments&post=1823"}],"version-history":[{"count":0,"href":"https:\/\/blogs.cpnl.cat\/sarriaambgracia\/index.php?rest_route=\/wp\/v2\/posts\/1823\/revisions"}],"wp:attachment":[{"href":"https:\/\/blogs.cpnl.cat\/sarriaambgracia\/index.php?rest_route=%2Fwp%2Fv2%2Fmedia&parent=1823"}],"wp:term":[{"taxonomy":"category","embeddable":true,"href":"https:\/\/blogs.cpnl.cat\/sarriaambgracia\/index.php?rest_route=%2Fwp%2Fv2%2Fcategories&post=1823"},{"taxonomy":"post_tag","embeddable":true,"href":"https:\/\/blogs.cpnl.cat\/sarriaambgracia\/index.php?rest_route=%2Fwp%2Fv2%2Ftags&post=1823"}],"curies":[{"name":"wp","href":"https:\/\/api.w.org\/{rel}","templated":true}]}}