{"id":2281,"date":"2016-01-20T13:51:35","date_gmt":"2016-01-20T12:51:35","guid":{"rendered":"http:\/\/blogs.cpnl.cat\/sarriaambgracia\/?p=2281"},"modified":"2016-01-27T09:03:11","modified_gmt":"2016-01-27T08:03:11","slug":"col%c2%b7laboracio-del-cnl-de-barcelona-a-la-xix-dictada-occitana-de-barcelona","status":"publish","type":"post","link":"https:\/\/blogs.cpnl.cat\/sarriaambgracia\/?p=2281","title":{"rendered":"Col\u00b7laboraci\u00f3 del CNL de Barcelona a la XIX Dictada Occitana de Barcelona"},"content":{"rendered":"<p>La delegaci\u00f3 de Gr\u00e0cia i Sarri\u00e0-Sant Gervasi del CNL de Barcelona participar\u00e0 <strong>el<\/strong> <strong>dissabte 30 de gener<\/strong> a la XIX Dictada Occitana.<\/p>\n<p>L&#8217;acte comen\u00e7ar\u00e0 a les <strong>14.30 h<\/strong> i tindr\u00e0 lloc a la <strong>sala d&#8217;actes del Departament de Cultura de la Generalitat de Catalunya<\/strong>. Es far\u00e0 un dictat en occit\u00e0, seguit de la lectura del text i tindr\u00e0 lloc un concurs del qual sortiran premiades dues persones per tres categories: joves, adults i nens.\u00a0 A continuaci\u00f3, tindr\u00e0 lloc una narraci\u00f3 de contes . Tots els participants rebran premis i diplomes. Tothom que ho desitgi tamb\u00e9 podr\u00e0 assistir-hi com a p\u00fablic.<\/p>\n<p>El CNL hi participar\u00e0 com a entitat col\u00b7laboradora cedint els llibres <em>Viure a Catalunya. Aprenem catal\u00e0<\/em> i <em>Comencem a parlar <\/em>de la Generalitat de Catalunya per a les persones guanyadores, fent difusi\u00f3 de l&#8217;acte entre l&#8217;alumnat i informant a trav\u00e9s dels tr\u00edptics i volanders dels cursos de catal\u00e0 i de les diverses campanyes del centre. El CNL de Barcelona col\u00b7labora amb el Cercle d\u2019Agermanament Occitano-Catal\u00e0 per participar conjuntament en diverses activitats des del novembre de 2013.<\/p>\n<p><a href=\"https:\/\/blogs.cpnl.cat\/sarriaambgracia\/files\/2016\/01\/Programa-Dictada-Occitana-2016.pdf\" rel=\"\">Programa Dictada Occitana 2016<\/a><\/p>\n<p><a href=\"http:\/\/caoc.cat\/\">Centre d&#8217;Agermanament Occitano-Catal\u00e0<\/a><\/p>\n","protected":false},"excerpt":{"rendered":"<p>La delegaci\u00f3 de Gr\u00e0cia i Sarri\u00e0-Sant Gervasi del CNL de Barcelona participar\u00e0 el dissabte 30 de gener a la XIX Dictada Occitana. L&#8217;acte comen\u00e7ar\u00e0 a les 14.30 h i tindr\u00e0 lloc a la sala d&#8217;actes del Departament de Cultura de la Generalitat de Catalunya. Es far\u00e0 un dictat en occit\u00e0, seguit de la lectura del [&hellip;]<\/p>\n","protected":false},"author":412,"featured_media":0,"comment_status":"open","ping_status":"closed","sticky":false,"template":"","format":"standard","meta":{"ngg_post_thumbnail":0,"footnotes":""},"categories":[6],"tags":[],"class_list":["post-2281","post","type-post","status-publish","format-standard","hentry","category-general"],"_links":{"self":[{"href":"https:\/\/blogs.cpnl.cat\/sarriaambgracia\/index.php?rest_route=\/wp\/v2\/posts\/2281","targetHints":{"allow":["GET"]}}],"collection":[{"href":"https:\/\/blogs.cpnl.cat\/sarriaambgracia\/index.php?rest_route=\/wp\/v2\/posts"}],"about":[{"href":"https:\/\/blogs.cpnl.cat\/sarriaambgracia\/index.php?rest_route=\/wp\/v2\/types\/post"}],"author":[{"embeddable":true,"href":"https:\/\/blogs.cpnl.cat\/sarriaambgracia\/index.php?rest_route=\/wp\/v2\/users\/412"}],"replies":[{"embeddable":true,"href":"https:\/\/blogs.cpnl.cat\/sarriaambgracia\/index.php?rest_route=%2Fwp%2Fv2%2Fcomments&post=2281"}],"version-history":[{"count":0,"href":"https:\/\/blogs.cpnl.cat\/sarriaambgracia\/index.php?rest_route=\/wp\/v2\/posts\/2281\/revisions"}],"wp:attachment":[{"href":"https:\/\/blogs.cpnl.cat\/sarriaambgracia\/index.php?rest_route=%2Fwp%2Fv2%2Fmedia&parent=2281"}],"wp:term":[{"taxonomy":"category","embeddable":true,"href":"https:\/\/blogs.cpnl.cat\/sarriaambgracia\/index.php?rest_route=%2Fwp%2Fv2%2Fcategories&post=2281"},{"taxonomy":"post_tag","embeddable":true,"href":"https:\/\/blogs.cpnl.cat\/sarriaambgracia\/index.php?rest_route=%2Fwp%2Fv2%2Ftags&post=2281"}],"curies":[{"name":"wp","href":"https:\/\/api.w.org\/{rel}","templated":true}]}}