{"id":2519,"date":"2016-05-30T08:51:31","date_gmt":"2016-05-30T07:51:31","guid":{"rendered":"http:\/\/blogs.cpnl.cat\/sarriaambgracia\/?p=2519"},"modified":"2016-06-06T08:55:00","modified_gmt":"2016-06-06T07:55:00","slug":"el-documental-del-juny-2","status":"publish","type":"post","link":"https:\/\/blogs.cpnl.cat\/sarriaambgracia\/?p=2519","title":{"rendered":"El documental del juny"},"content":{"rendered":"<p>Al <span id=\"0.6841773226144338\">mes<\/span> <span id=\"0.09279411872910848\">de<\/span> <span id=\"0.20688290121692454\">juny<\/span> s&#8217;estrena <a class=\"external\" href=\"http:\/\/www.eldocumentaldelmes.com\/doc\/siria-una-historia-damor\/\" target=\"_blank\" rel=\"external\"><em>S\u00edria: una hist\u00f2ria d&#8217;amor<\/em><\/a>. Aquest <span id=\"0.37052573887634854\">documental<\/span> narra la hist\u00f2ria d&#8217;Amer i Raghda: la seva lluita inesgotable per la llibertat <span id=\"0.08269345764966463\">de<\/span>l seu pa\u00eds ha convertit la seva vida en un viatge ple d&#8217;esperan\u00e7a i somnis, per\u00f2 tamb\u00e9 <span id=\"0.7054038369103645\">de<\/span> desil\u00b7lusions: cap a la revoluci\u00f3, cap a la seva terra i, finalment, cap a la seva hist\u00f2ria d&#8217;amor. El <span id=\"0.6546549254977864\">documental<\/span> es projectar\u00e0 en versi\u00f3 original en angl\u00e8s, \u00e0rab i franc\u00e8s, subtitulada en catal\u00e0.<\/p>\n<p>La productora <span id=\"0.6113505262455097\">de<\/span>l <span id=\"0.2876424926968394\">Documental<\/span> <span id=\"0.860024468326871\">de<\/span>l <span id=\"0.9811226437287826\">Mes<\/span> ofereix a l&#8217;alumnat <span id=\"0.3572005654810342\">de<\/span>l CPNL i als participants en el programa Voluntariat per la llengua (VxL) avantatges per assistir a les projeccions <span id=\"0.8697612391159684\">de<\/span> la pel\u00b7l\u00edcula. Podeu veure&#8217;l al Teatre de Sarri\u00e0 el 13 i 19 de juny a les 20.30 hores.<\/p>\n<p><img loading=\"lazy\" decoding=\"async\" class=\"irc_mi ijLpg19AiEIw-pQOPx8XEepE\" src=\"http:\/\/resizer.abc.es\/resizer\/resizer.php?imagen=http:\/\/hoycinema.abc.es\/archivos\/201605\/80ca86fa7ba35919c7c2efc86d116562_15671_poster_es_001.jpg&amp;nuevoancho=312&amp;nuevoalto=416\" alt=\"\" width=\"181\" height=\"241\" \/><\/p>\n","protected":false},"excerpt":{"rendered":"<p>Al mes de juny s&#8217;estrena S\u00edria: una hist\u00f2ria d&#8217;amor. Aquest documental narra la hist\u00f2ria d&#8217;Amer i Raghda: la seva lluita inesgotable per la llibertat del seu pa\u00eds ha convertit la seva vida en un viatge ple d&#8217;esperan\u00e7a i somnis, per\u00f2 tamb\u00e9 de desil\u00b7lusions: cap a la revoluci\u00f3, cap a la seva terra i, finalment, cap [&hellip;]<\/p>\n","protected":false},"author":412,"featured_media":0,"comment_status":"open","ping_status":"closed","sticky":false,"template":"","format":"standard","meta":{"ngg_post_thumbnail":0,"footnotes":""},"categories":[6],"tags":[],"class_list":["post-2519","post","type-post","status-publish","format-standard","hentry","category-general"],"_links":{"self":[{"href":"https:\/\/blogs.cpnl.cat\/sarriaambgracia\/index.php?rest_route=\/wp\/v2\/posts\/2519","targetHints":{"allow":["GET"]}}],"collection":[{"href":"https:\/\/blogs.cpnl.cat\/sarriaambgracia\/index.php?rest_route=\/wp\/v2\/posts"}],"about":[{"href":"https:\/\/blogs.cpnl.cat\/sarriaambgracia\/index.php?rest_route=\/wp\/v2\/types\/post"}],"author":[{"embeddable":true,"href":"https:\/\/blogs.cpnl.cat\/sarriaambgracia\/index.php?rest_route=\/wp\/v2\/users\/412"}],"replies":[{"embeddable":true,"href":"https:\/\/blogs.cpnl.cat\/sarriaambgracia\/index.php?rest_route=%2Fwp%2Fv2%2Fcomments&post=2519"}],"version-history":[{"count":0,"href":"https:\/\/blogs.cpnl.cat\/sarriaambgracia\/index.php?rest_route=\/wp\/v2\/posts\/2519\/revisions"}],"wp:attachment":[{"href":"https:\/\/blogs.cpnl.cat\/sarriaambgracia\/index.php?rest_route=%2Fwp%2Fv2%2Fmedia&parent=2519"}],"wp:term":[{"taxonomy":"category","embeddable":true,"href":"https:\/\/blogs.cpnl.cat\/sarriaambgracia\/index.php?rest_route=%2Fwp%2Fv2%2Fcategories&post=2519"},{"taxonomy":"post_tag","embeddable":true,"href":"https:\/\/blogs.cpnl.cat\/sarriaambgracia\/index.php?rest_route=%2Fwp%2Fv2%2Ftags&post=2519"}],"curies":[{"name":"wp","href":"https:\/\/api.w.org\/{rel}","templated":true}]}}