{"id":2520,"date":"2016-06-01T08:11:35","date_gmt":"2016-06-01T07:11:35","guid":{"rendered":"http:\/\/blogs.cpnl.cat\/sarriaambgracia\/?p=2520"},"modified":"2016-06-09T08:28:31","modified_gmt":"2016-06-09T07:28:31","slug":"exposicio-a-labril-cada-paraula-val-per-mil","status":"publish","type":"post","link":"https:\/\/blogs.cpnl.cat\/sarriaambgracia\/?p=2520","title":{"rendered":"Exposici\u00f3 de la campanya &#8220;A l&#8217;abril cada paraula val per mil&#8221;"},"content":{"rendered":"<p>Per Sant Jordi, el CNL de Barcelona va portar la llengua catalana als aparadors de les botigues i als carrers de la ciutat mitjan\u00e7ant la campanya &#8220;A l&#8217;abril cada paraula val per mil&#8221;, que s&#8217;acaba de presentar en format exposici\u00f3 a l&#8217;Espai Aviny\u00f3 &#8211; Llengua i Cultura.<\/p>\n<p>La campanya va n\u00e9ixer l&#8217;any 2013 al CNL d&#8217;Osona i des d&#8217;aleshores ha visitat molts aparadors de places i carrers de tot el pa\u00eds per donar a con\u00e8ixer la riquesa de la llengua i desvetllar l&#8217;inter\u00e8s per aprendre-la.<\/p>\n<p>Per la seva banda, l&#8217;exposici\u00f3 recull una mostra significativa dels cartells creats per la campanya i tamb\u00e9 s&#8217;hi poden veure fotografies d&#8217;alguns dels establiments que hi han col\u00b7laborat a la ciutat de Barcelona. Es pot visitar a l&#8217;Espai Aviny\u00f3 &#8211; Llengua i Cultura, al carrer d&#8217;Aviny\u00f3, 52, fins a finals de juliol. El mes de <strong>novembre<\/strong> es podr\u00e0 visitar a la <strong>delegaci\u00f3 de Gr\u00e0cia i Sarri\u00e0-Sant Gervasi<\/strong>.<\/p>\n<p><img loading=\"lazy\" decoding=\"async\" class=\"spotlight\" src=\"https:\/\/scontent.fmad3-1.fna.fbcdn.net\/v\/t1.0-9\/13332719_1034123726680771_1278157240824011580_n.jpg?oh=a130cfdbe93047d21cccb4efda35f439&amp;oe=57CCB468\" alt=\"\" width=\"239\" height=\"179\" \/><\/p>\n<p><a href=\"https:\/\/www.facebook.com\/CNLBarcelona\/photos\/pcb.1034125283347282\/1034122863347524\/?type=3&amp;theater\">Fotos<\/a><\/p>\n","protected":false},"excerpt":{"rendered":"<p>Per Sant Jordi, el CNL de Barcelona va portar la llengua catalana als aparadors de les botigues i als carrers de la ciutat mitjan\u00e7ant la campanya &#8220;A l&#8217;abril cada paraula val per mil&#8221;, que s&#8217;acaba de presentar en format exposici\u00f3 a l&#8217;Espai Aviny\u00f3 &#8211; Llengua i Cultura. La campanya va n\u00e9ixer l&#8217;any 2013 al CNL [&hellip;]<\/p>\n","protected":false},"author":412,"featured_media":0,"comment_status":"open","ping_status":"closed","sticky":false,"template":"","format":"standard","meta":{"ngg_post_thumbnail":0,"footnotes":""},"categories":[141011,40148,6],"tags":[],"class_list":["post-2520","post","type-post","status-publish","format-standard","hentry","category-establiments-collaboradors-voluntariat-per-la-llengua","category-exposicions","category-general"],"_links":{"self":[{"href":"https:\/\/blogs.cpnl.cat\/sarriaambgracia\/index.php?rest_route=\/wp\/v2\/posts\/2520","targetHints":{"allow":["GET"]}}],"collection":[{"href":"https:\/\/blogs.cpnl.cat\/sarriaambgracia\/index.php?rest_route=\/wp\/v2\/posts"}],"about":[{"href":"https:\/\/blogs.cpnl.cat\/sarriaambgracia\/index.php?rest_route=\/wp\/v2\/types\/post"}],"author":[{"embeddable":true,"href":"https:\/\/blogs.cpnl.cat\/sarriaambgracia\/index.php?rest_route=\/wp\/v2\/users\/412"}],"replies":[{"embeddable":true,"href":"https:\/\/blogs.cpnl.cat\/sarriaambgracia\/index.php?rest_route=%2Fwp%2Fv2%2Fcomments&post=2520"}],"version-history":[{"count":0,"href":"https:\/\/blogs.cpnl.cat\/sarriaambgracia\/index.php?rest_route=\/wp\/v2\/posts\/2520\/revisions"}],"wp:attachment":[{"href":"https:\/\/blogs.cpnl.cat\/sarriaambgracia\/index.php?rest_route=%2Fwp%2Fv2%2Fmedia&parent=2520"}],"wp:term":[{"taxonomy":"category","embeddable":true,"href":"https:\/\/blogs.cpnl.cat\/sarriaambgracia\/index.php?rest_route=%2Fwp%2Fv2%2Fcategories&post=2520"},{"taxonomy":"post_tag","embeddable":true,"href":"https:\/\/blogs.cpnl.cat\/sarriaambgracia\/index.php?rest_route=%2Fwp%2Fv2%2Ftags&post=2520"}],"curies":[{"name":"wp","href":"https:\/\/api.w.org\/{rel}","templated":true}]}}