{"id":2620,"date":"2016-10-14T11:51:27","date_gmt":"2016-10-14T10:51:27","guid":{"rendered":"http:\/\/blogs.cpnl.cat\/sarriaambgracia\/?p=2620"},"modified":"2016-10-17T11:02:54","modified_gmt":"2016-10-17T10:02:54","slug":"vols-anar-al-salo-del-manga","status":"publish","type":"post","link":"https:\/\/blogs.cpnl.cat\/sarriaambgracia\/?p=2620","title":{"rendered":"Vols anar al Sal\u00f3 del Manga?"},"content":{"rendered":"<p>Tens ganes d&#8217;anar al XXII Sal\u00f3 del Manga? Nom\u00e9s cal que posis un &#8220;M&#8217;agrada&#8221; a<a href=\"https:\/\/www.facebook.com\/CNLBarcelona\">\u00a0https:\/\/www.facebook.com\/CNLBarcelona<\/a> i ens diguis per qu\u00e8 tens ganes d&#8217;anar-hi!<br \/>\nEntre tots els que hi participeu, farem un <strong>sorteig de deu entrades<\/strong> per al proper <strong>1 de novembre<\/strong>, al recinte de la Fira de Barcelona de Montju\u00efc.<\/p>\n<p>Tens temps de participar-hi fins al<strong> dimarts 25 d&#8217;octubre a les 12 h<\/strong>!<\/p>\n<p><img loading=\"lazy\" decoding=\"async\" class=\"spotlight\" src=\"https:\/\/scontent.fmad3-2.fna.fbcdn.net\/v\/t1.0-9\/14657322_1130709397022203_6175659297984362320_n.jpg?oh=9c8020af0ab0805c25fdbdf52f50e02a&amp;oe=58A79875\" alt=\"\" width=\"277\" height=\"440\" \/><\/p>\n","protected":false},"excerpt":{"rendered":"<p>Tens ganes d&#8217;anar al XXII Sal\u00f3 del Manga? Nom\u00e9s cal que posis un &#8220;M&#8217;agrada&#8221; a\u00a0https:\/\/www.facebook.com\/CNLBarcelona i ens diguis per qu\u00e8 tens ganes d&#8217;anar-hi! Entre tots els que hi participeu, farem un sorteig de deu entrades per al proper 1 de novembre, al recinte de la Fira de Barcelona de Montju\u00efc. Tens temps de participar-hi fins [&hellip;]<\/p>\n","protected":false},"author":412,"featured_media":0,"comment_status":"open","ping_status":"closed","sticky":false,"template":"","format":"standard","meta":{"ngg_post_thumbnail":0,"footnotes":""},"categories":[124886,6,77424],"tags":[],"class_list":["post-2620","post","type-post","status-publish","format-standard","hentry","category-comic-en-catala","category-general","category-lespai-dels-professors"],"_links":{"self":[{"href":"https:\/\/blogs.cpnl.cat\/sarriaambgracia\/index.php?rest_route=\/wp\/v2\/posts\/2620","targetHints":{"allow":["GET"]}}],"collection":[{"href":"https:\/\/blogs.cpnl.cat\/sarriaambgracia\/index.php?rest_route=\/wp\/v2\/posts"}],"about":[{"href":"https:\/\/blogs.cpnl.cat\/sarriaambgracia\/index.php?rest_route=\/wp\/v2\/types\/post"}],"author":[{"embeddable":true,"href":"https:\/\/blogs.cpnl.cat\/sarriaambgracia\/index.php?rest_route=\/wp\/v2\/users\/412"}],"replies":[{"embeddable":true,"href":"https:\/\/blogs.cpnl.cat\/sarriaambgracia\/index.php?rest_route=%2Fwp%2Fv2%2Fcomments&post=2620"}],"version-history":[{"count":0,"href":"https:\/\/blogs.cpnl.cat\/sarriaambgracia\/index.php?rest_route=\/wp\/v2\/posts\/2620\/revisions"}],"wp:attachment":[{"href":"https:\/\/blogs.cpnl.cat\/sarriaambgracia\/index.php?rest_route=%2Fwp%2Fv2%2Fmedia&parent=2620"}],"wp:term":[{"taxonomy":"category","embeddable":true,"href":"https:\/\/blogs.cpnl.cat\/sarriaambgracia\/index.php?rest_route=%2Fwp%2Fv2%2Fcategories&post=2620"},{"taxonomy":"post_tag","embeddable":true,"href":"https:\/\/blogs.cpnl.cat\/sarriaambgracia\/index.php?rest_route=%2Fwp%2Fv2%2Ftags&post=2620"}],"curies":[{"name":"wp","href":"https:\/\/api.w.org\/{rel}","templated":true}]}}