{"id":2792,"date":"2017-03-01T08:05:00","date_gmt":"2017-03-01T07:05:00","guid":{"rendered":"http:\/\/blogs.cpnl.cat\/sarriaambgracia\/?p=2792"},"modified":"2017-03-01T12:19:32","modified_gmt":"2017-03-01T11:19:32","slug":"delegacio-acull-lexposicio-joan-amades-memoria-poble","status":"publish","type":"post","link":"https:\/\/blogs.cpnl.cat\/sarriaambgracia\/?p=2792","title":{"rendered":"La delegaci\u00f3 acull l&#8217;exposici\u00f3 &#8220;Joan Amades. La mem\u00f2ria del poble&#8221;"},"content":{"rendered":"<p><span id=\"divtagdefaultwrapper\">De l&#8217;<strong>1 al 17 de mar\u00e7<\/strong>, la delegaci\u00f3 de Gr\u00e0cia i Sarri\u00e0-Sant Gervasi del CNL de Barcelona acull l&#8217;exposici\u00f3<strong> &#8220;Joan Amades. La mem\u00f2ria del poble&#8221;<\/strong>, dedicada a difondre l&#8217;obra del folklorista catal\u00e0. L&#8217;exposici\u00f3 \u00e9s una iniciativa de l&#8217;Associaci\u00f3 Cultural Amics de Joan Amades amb el suport del Museu Etnol\u00f2gic de Barcelona. <\/span><\/p>\n<p><span id=\"divtagdefaultwrapper\">L&#8217;exposici\u00f3 s&#8217;organitza en set \u00e0mbits tem\u00e0tics (el nen, l&#8217;autodidacta, el folklorista, l&#8217;obra, el museu, el llegat i la mem\u00f2ria) i cont\u00e9 una breu cronologiade l&#8217;autor.<\/span><\/p>\n<p>Avui, malgrat que Joan Amades \u00e9s figura viva i present en la nostra societat, ens manca una investigaci\u00f3 que ens mostri l&#8217;home i la seva obra en totes les dimensions. Aquest \u00e9s l&#8217;objectiu de l&#8217;Associaci\u00f3 Cultural Amics de Joan Amades,apropar-se al seu recorregut existencial, als interessos cient\u00edfics, etc. De fet, l&#8217;obra de l&#8217;autor \u00e9s <span id=\"divtagdefaultwrapper\">ingent tant pel que fa als \u00e0mbits tem\u00e0tics que va tractar (m\u00e9s de 30) com pel volum de l&#8217;obra publicada (262 publicacions).<\/span><\/p>\n<p><img loading=\"lazy\" decoding=\"async\" class=\"irc_mi\" src=\"http:\/\/canetdemar.cat\/ARXIUS\/DIBUIXOSiLOGOS\/cartells\/cartells2015\/entitats\/Expo__amades_1115.jpg\" alt=\"Resultat d'imatges de expo joan amades\" width=\"328\" height=\"162\" \/><\/p>\n<p><a href=\"http:\/\/joanamades.cat\/qui-som\/\">Associaci\u00f3 Cultural Amics de Joan Amades<\/a><\/p>\n","protected":false},"excerpt":{"rendered":"<p>De l&#8217;1 al 17 de mar\u00e7, la delegaci\u00f3 de Gr\u00e0cia i Sarri\u00e0-Sant Gervasi del CNL de Barcelona acull l&#8217;exposici\u00f3 &#8220;Joan Amades. La mem\u00f2ria del poble&#8221;, dedicada a difondre l&#8217;obra del folklorista catal\u00e0. L&#8217;exposici\u00f3 \u00e9s una iniciativa de l&#8217;Associaci\u00f3 Cultural Amics de Joan Amades amb el suport del Museu Etnol\u00f2gic de Barcelona. L&#8217;exposici\u00f3 s&#8217;organitza en set [&hellip;]<\/p>\n","protected":false},"author":412,"featured_media":0,"comment_status":"open","ping_status":"closed","sticky":false,"template":"","format":"standard","meta":{"ngg_post_thumbnail":0,"footnotes":""},"categories":[40148,6,77424],"tags":[],"class_list":["post-2792","post","type-post","status-publish","format-standard","hentry","category-exposicions","category-general","category-lespai-dels-professors"],"_links":{"self":[{"href":"https:\/\/blogs.cpnl.cat\/sarriaambgracia\/index.php?rest_route=\/wp\/v2\/posts\/2792","targetHints":{"allow":["GET"]}}],"collection":[{"href":"https:\/\/blogs.cpnl.cat\/sarriaambgracia\/index.php?rest_route=\/wp\/v2\/posts"}],"about":[{"href":"https:\/\/blogs.cpnl.cat\/sarriaambgracia\/index.php?rest_route=\/wp\/v2\/types\/post"}],"author":[{"embeddable":true,"href":"https:\/\/blogs.cpnl.cat\/sarriaambgracia\/index.php?rest_route=\/wp\/v2\/users\/412"}],"replies":[{"embeddable":true,"href":"https:\/\/blogs.cpnl.cat\/sarriaambgracia\/index.php?rest_route=%2Fwp%2Fv2%2Fcomments&post=2792"}],"version-history":[{"count":0,"href":"https:\/\/blogs.cpnl.cat\/sarriaambgracia\/index.php?rest_route=\/wp\/v2\/posts\/2792\/revisions"}],"wp:attachment":[{"href":"https:\/\/blogs.cpnl.cat\/sarriaambgracia\/index.php?rest_route=%2Fwp%2Fv2%2Fmedia&parent=2792"}],"wp:term":[{"taxonomy":"category","embeddable":true,"href":"https:\/\/blogs.cpnl.cat\/sarriaambgracia\/index.php?rest_route=%2Fwp%2Fv2%2Fcategories&post=2792"},{"taxonomy":"post_tag","embeddable":true,"href":"https:\/\/blogs.cpnl.cat\/sarriaambgracia\/index.php?rest_route=%2Fwp%2Fv2%2Ftags&post=2792"}],"curies":[{"name":"wp","href":"https:\/\/api.w.org\/{rel}","templated":true}]}}