{"id":2798,"date":"2017-02-23T12:03:38","date_gmt":"2017-02-23T11:03:38","guid":{"rendered":"http:\/\/blogs.cpnl.cat\/sarriaambgracia\/?p=2798"},"modified":"2017-02-23T13:19:18","modified_gmt":"2017-02-23T12:19:18","slug":"presentacio-miniatures-petit-concert-guitarra-classica-jordi-codina","status":"publish","type":"post","link":"https:\/\/blogs.cpnl.cat\/sarriaambgracia\/?p=2798","title":{"rendered":"Presentaci\u00f3 de &#8216;Miniatures&#8217;, petit concert de guitarra cl\u00e0ssica a c\u00e0rrec de Jordi Codina"},"content":{"rendered":"<p><span class=\"_4n-j _3cht fsl\">El <strong>23 de febrer<\/strong> el grup classe de &#8216;Llengua i cultura&#8217; que imparteix l&#8217;Elvira al Casal de barri Can Cardener va rebre la visita del m\u00fasic <strong>Jordi Codina<\/strong>.<\/span><\/p>\n<p><span class=\"_4n-j _3cht fsl\"> El grup va poder gaudir d&#8217;un petit concert de guitarra cl\u00e0ssica amb la presentaci\u00f3 de &#8220;Miniatures&#8221;, peces curtes de diferents compositors des del segle XV fins ara, com Francesc T\u00e0rrega, Ferran Sor, Isaac Alb\u00e9niz, Graci\u00e0 Tarreg\u00f3, Pau Casals, etc., i l&#8217;explicaci\u00f3 de cadascuna.<br \/>\n<\/span><\/p>\n<p>Jordi Codina \u00e9s guitarrista, director i compositor. Ha estat professor de guitarra del Conservatori de M\u00fasica de Barcelona des del 1972. Com a solista i director ha estat particularment vinculat a l\u2019Orquestra de Cambra de l\u2019Empord\u00e0 i el 1993 va rebre el Premi Nacional de M\u00fasica de la Generalitat per la seva difusi\u00f3 de la m\u00fasica contempor\u00e0nia. Com a compositor, \u00e9s autor b\u00e0sicament d\u2019obres per a guitarra i m\u00fasica de cambra. El 2006 estren\u00e0 el poema musical <i>Romance del capit\u00e1n Trueno<\/i>, amb motiu del cinquantenari del personatge i el 75\u00e8 aniversari del seu autor, V\u00edctor Mora. Ha exercit la cr\u00edtica musical i \u00e9s autor d\u2019un llibre dedicat a Xavier Montsalvatge.<\/p>\n<p><iframe loading=\"lazy\" title=\"Jordi Codina\" width=\"500\" height=\"281\" src=\"https:\/\/www.youtube.com\/embed\/lOaqZXN3zWE?feature=oembed\" frameborder=\"0\" allow=\"accelerometer; autoplay; clipboard-write; encrypted-media; gyroscope; picture-in-picture; web-share\" referrerpolicy=\"strict-origin-when-cross-origin\" allowfullscreen><\/iframe><\/p>\n","protected":false},"excerpt":{"rendered":"<p>El 23 de febrer el grup classe de &#8216;Llengua i cultura&#8217; que imparteix l&#8217;Elvira al Casal de barri Can Cardener va rebre la visita del m\u00fasic Jordi Codina. El grup va poder gaudir d&#8217;un petit concert de guitarra cl\u00e0ssica amb la presentaci\u00f3 de &#8220;Miniatures&#8221;, peces curtes de diferents compositors des del segle XV fins ara, [&hellip;]<\/p>\n","protected":false},"author":412,"featured_media":0,"comment_status":"open","ping_status":"closed","sticky":false,"template":"","format":"standard","meta":{"ngg_post_thumbnail":0,"footnotes":""},"categories":[6],"tags":[],"class_list":["post-2798","post","type-post","status-publish","format-standard","hentry","category-general"],"_links":{"self":[{"href":"https:\/\/blogs.cpnl.cat\/sarriaambgracia\/index.php?rest_route=\/wp\/v2\/posts\/2798","targetHints":{"allow":["GET"]}}],"collection":[{"href":"https:\/\/blogs.cpnl.cat\/sarriaambgracia\/index.php?rest_route=\/wp\/v2\/posts"}],"about":[{"href":"https:\/\/blogs.cpnl.cat\/sarriaambgracia\/index.php?rest_route=\/wp\/v2\/types\/post"}],"author":[{"embeddable":true,"href":"https:\/\/blogs.cpnl.cat\/sarriaambgracia\/index.php?rest_route=\/wp\/v2\/users\/412"}],"replies":[{"embeddable":true,"href":"https:\/\/blogs.cpnl.cat\/sarriaambgracia\/index.php?rest_route=%2Fwp%2Fv2%2Fcomments&post=2798"}],"version-history":[{"count":0,"href":"https:\/\/blogs.cpnl.cat\/sarriaambgracia\/index.php?rest_route=\/wp\/v2\/posts\/2798\/revisions"}],"wp:attachment":[{"href":"https:\/\/blogs.cpnl.cat\/sarriaambgracia\/index.php?rest_route=%2Fwp%2Fv2%2Fmedia&parent=2798"}],"wp:term":[{"taxonomy":"category","embeddable":true,"href":"https:\/\/blogs.cpnl.cat\/sarriaambgracia\/index.php?rest_route=%2Fwp%2Fv2%2Fcategories&post=2798"},{"taxonomy":"post_tag","embeddable":true,"href":"https:\/\/blogs.cpnl.cat\/sarriaambgracia\/index.php?rest_route=%2Fwp%2Fv2%2Ftags&post=2798"}],"curies":[{"name":"wp","href":"https:\/\/api.w.org\/{rel}","templated":true}]}}