{"id":2803,"date":"2017-02-10T12:02:11","date_gmt":"2017-02-10T11:02:11","guid":{"rendered":"http:\/\/blogs.cpnl.cat\/sarriaambgracia\/?p=2803"},"modified":"2017-02-16T12:03:15","modified_gmt":"2017-02-16T11:03:15","slug":"30e-tradicionarius-mes-internacional","status":"publish","type":"post","link":"https:\/\/blogs.cpnl.cat\/sarriaambgracia\/?p=2803","title":{"rendered":"El 30\u00e8 Tradicion\u00e0rius m\u00e9s internacional"},"content":{"rendered":"<h4>MARTIN CARTHY &amp; RUPER ORDORIKA<\/h4>\n<p><a href=\"https:\/\/blogs.cpnl.cat\/sarriaambgracia\/files\/2017\/02\/MR_170217.jpg\"><img loading=\"lazy\" decoding=\"async\" class=\"alignnone size-medium wp-image-2804\" src=\"https:\/\/blogs.cpnl.cat\/sarriaambgracia\/files\/2017\/02\/MR_170217-300x144.jpg\" alt=\"\" width=\"300\" height=\"144\" \/><\/a><\/p>\n<div>\n<p>Despr\u00e9s de molts anys, el londinenc Martin Carthy creua el seu cam\u00ed amb el m\u00fasic basc Ruper Ordorika en un dels concerts m\u00e9s especials d&#8217;aquesta edici\u00f3 del Tradicion\u00e0rius<\/p>\n<p><strong>Divendres, 17 de febrer, a les 22.00 h al C.A.T. <\/strong><\/p>\n<\/div>\n<div><\/div>\n<div><a href=\"http:\/\/www.tradicionarius.cat\/\">http:\/\/www.tradicionarius.cat\/<\/a><\/div>\n","protected":false},"excerpt":{"rendered":"<p>MARTIN CARTHY &amp; RUPER ORDORIKA Despr\u00e9s de molts anys, el londinenc Martin Carthy creua el seu cam\u00ed amb el m\u00fasic basc Ruper Ordorika en un dels concerts m\u00e9s especials d&#8217;aquesta edici\u00f3 del Tradicion\u00e0rius Divendres, 17 de febrer, a les 22.00 h al C.A.T. http:\/\/www.tradicionarius.cat\/<\/p>\n","protected":false},"author":412,"featured_media":0,"comment_status":"open","ping_status":"closed","sticky":false,"template":"","format":"standard","meta":{"ngg_post_thumbnail":0,"footnotes":""},"categories":[6],"tags":[],"class_list":["post-2803","post","type-post","status-publish","format-standard","hentry","category-general"],"_links":{"self":[{"href":"https:\/\/blogs.cpnl.cat\/sarriaambgracia\/index.php?rest_route=\/wp\/v2\/posts\/2803","targetHints":{"allow":["GET"]}}],"collection":[{"href":"https:\/\/blogs.cpnl.cat\/sarriaambgracia\/index.php?rest_route=\/wp\/v2\/posts"}],"about":[{"href":"https:\/\/blogs.cpnl.cat\/sarriaambgracia\/index.php?rest_route=\/wp\/v2\/types\/post"}],"author":[{"embeddable":true,"href":"https:\/\/blogs.cpnl.cat\/sarriaambgracia\/index.php?rest_route=\/wp\/v2\/users\/412"}],"replies":[{"embeddable":true,"href":"https:\/\/blogs.cpnl.cat\/sarriaambgracia\/index.php?rest_route=%2Fwp%2Fv2%2Fcomments&post=2803"}],"version-history":[{"count":0,"href":"https:\/\/blogs.cpnl.cat\/sarriaambgracia\/index.php?rest_route=\/wp\/v2\/posts\/2803\/revisions"}],"wp:attachment":[{"href":"https:\/\/blogs.cpnl.cat\/sarriaambgracia\/index.php?rest_route=%2Fwp%2Fv2%2Fmedia&parent=2803"}],"wp:term":[{"taxonomy":"category","embeddable":true,"href":"https:\/\/blogs.cpnl.cat\/sarriaambgracia\/index.php?rest_route=%2Fwp%2Fv2%2Fcategories&post=2803"},{"taxonomy":"post_tag","embeddable":true,"href":"https:\/\/blogs.cpnl.cat\/sarriaambgracia\/index.php?rest_route=%2Fwp%2Fv2%2Ftags&post=2803"}],"curies":[{"name":"wp","href":"https:\/\/api.w.org\/{rel}","templated":true}]}}