{"id":2819,"date":"2017-02-27T18:22:14","date_gmt":"2017-02-27T17:22:14","guid":{"rendered":"http:\/\/blogs.cpnl.cat\/sarriaambgracia\/?p=2819"},"modified":"2017-02-28T12:25:08","modified_gmt":"2017-02-28T11:25:08","slug":"ruta-peu-rambles","status":"publish","type":"post","link":"https:\/\/blogs.cpnl.cat\/sarriaambgracia\/?p=2819","title":{"rendered":"Ruta a peu per les Rambles"},"content":{"rendered":"<p>El dilluns 27 de febrer el grup de nivell B2 de la Rosabel va fer una ruta per les Rambles: monument a Colom, les Drassanes, la Merc\u00e8&#8230; Despr\u00e9s van anar a la presentaci\u00f3 del llibre <em>Els setze jutges. Cr\u00f2nica tendra i ir\u00f2nica d&#8217;un pa\u00eds<\/em>, de Joan Manuel Escrihuela, David Ferrer i Ferm\u00ed Puig. La xerrada va anar a c\u00e0rrec d&#8217;aquest darrer autor, Ferm\u00ed Puig, i d&#8217;Am\u00e8lia Pedrerol membre n\u00famero 12 dels Setze Jutges.<\/p>\n<p><a href=\"https:\/\/blogs.cpnl.cat\/sarriaambgracia\/files\/2017\/02\/IMG-20170228-WA0005.jpg\"><img loading=\"lazy\" decoding=\"async\" class=\"alignnone wp-image-2820\" src=\"https:\/\/blogs.cpnl.cat\/sarriaambgracia\/files\/2017\/02\/IMG-20170228-WA0005-300x225.jpg\" alt=\"\" width=\"159\" height=\"119\" srcset=\"https:\/\/blogs.cpnl.cat\/sarriaambgracia\/files\/2017\/02\/IMG-20170228-WA0005-300x225.jpg 300w, https:\/\/blogs.cpnl.cat\/sarriaambgracia\/files\/2017\/02\/IMG-20170228-WA0005-768x576.jpg 768w, https:\/\/blogs.cpnl.cat\/sarriaambgracia\/files\/2017\/02\/IMG-20170228-WA0005-1024x768.jpg 1024w, https:\/\/blogs.cpnl.cat\/sarriaambgracia\/files\/2017\/02\/IMG-20170228-WA0005.jpg 1600w\" sizes=\"auto, (max-width: 159px) 100vw, 159px\" \/>\u00a0<\/a><a href=\"https:\/\/blogs.cpnl.cat\/sarriaambgracia\/files\/2017\/02\/IMG-20170228-WA0007.jpg\"><img loading=\"lazy\" decoding=\"async\" class=\"alignnone wp-image-2822\" src=\"https:\/\/blogs.cpnl.cat\/sarriaambgracia\/files\/2017\/02\/IMG-20170228-WA0007-300x225.jpg\" alt=\"\" width=\"154\" height=\"115\" srcset=\"https:\/\/blogs.cpnl.cat\/sarriaambgracia\/files\/2017\/02\/IMG-20170228-WA0007-300x225.jpg 300w, https:\/\/blogs.cpnl.cat\/sarriaambgracia\/files\/2017\/02\/IMG-20170228-WA0007-768x576.jpg 768w, https:\/\/blogs.cpnl.cat\/sarriaambgracia\/files\/2017\/02\/IMG-20170228-WA0007-1024x768.jpg 1024w, https:\/\/blogs.cpnl.cat\/sarriaambgracia\/files\/2017\/02\/IMG-20170228-WA0007.jpg 1600w\" sizes=\"auto, (max-width: 154px) 100vw, 154px\" \/><\/a> <a href=\"https:\/\/blogs.cpnl.cat\/sarriaambgracia\/files\/2017\/02\/IMG-20170228-WA0006.jpg\"><img loading=\"lazy\" decoding=\"async\" class=\"alignnone wp-image-2821\" src=\"https:\/\/blogs.cpnl.cat\/sarriaambgracia\/files\/2017\/02\/IMG-20170228-WA0006-300x225.jpg\" alt=\"\" width=\"156\" height=\"117\" srcset=\"https:\/\/blogs.cpnl.cat\/sarriaambgracia\/files\/2017\/02\/IMG-20170228-WA0006-300x225.jpg 300w, https:\/\/blogs.cpnl.cat\/sarriaambgracia\/files\/2017\/02\/IMG-20170228-WA0006-768x576.jpg 768w, https:\/\/blogs.cpnl.cat\/sarriaambgracia\/files\/2017\/02\/IMG-20170228-WA0006-1024x768.jpg 1024w, https:\/\/blogs.cpnl.cat\/sarriaambgracia\/files\/2017\/02\/IMG-20170228-WA0006.jpg 1600w\" sizes=\"auto, (max-width: 156px) 100vw, 156px\" \/><\/a><\/p>\n<h2><\/h2>\n","protected":false},"excerpt":{"rendered":"<p>El dilluns 27 de febrer el grup de nivell B2 de la Rosabel va fer una ruta per les Rambles: monument a Colom, les Drassanes, la Merc\u00e8&#8230; Despr\u00e9s van anar a la presentaci\u00f3 del llibre Els setze jutges. Cr\u00f2nica tendra i ir\u00f2nica d&#8217;un pa\u00eds, de Joan Manuel Escrihuela, David Ferrer i Ferm\u00ed Puig. La xerrada [&hellip;]<\/p>\n","protected":false},"author":412,"featured_media":0,"comment_status":"open","ping_status":"closed","sticky":false,"template":"","format":"standard","meta":{"ngg_post_thumbnail":0,"footnotes":""},"categories":[140808,6,77424],"tags":[],"class_list":["post-2819","post","type-post","status-publish","format-standard","hentry","category-activitats-literaries-i-trobades-amb-autors","category-general","category-lespai-dels-professors"],"_links":{"self":[{"href":"https:\/\/blogs.cpnl.cat\/sarriaambgracia\/index.php?rest_route=\/wp\/v2\/posts\/2819","targetHints":{"allow":["GET"]}}],"collection":[{"href":"https:\/\/blogs.cpnl.cat\/sarriaambgracia\/index.php?rest_route=\/wp\/v2\/posts"}],"about":[{"href":"https:\/\/blogs.cpnl.cat\/sarriaambgracia\/index.php?rest_route=\/wp\/v2\/types\/post"}],"author":[{"embeddable":true,"href":"https:\/\/blogs.cpnl.cat\/sarriaambgracia\/index.php?rest_route=\/wp\/v2\/users\/412"}],"replies":[{"embeddable":true,"href":"https:\/\/blogs.cpnl.cat\/sarriaambgracia\/index.php?rest_route=%2Fwp%2Fv2%2Fcomments&post=2819"}],"version-history":[{"count":0,"href":"https:\/\/blogs.cpnl.cat\/sarriaambgracia\/index.php?rest_route=\/wp\/v2\/posts\/2819\/revisions"}],"wp:attachment":[{"href":"https:\/\/blogs.cpnl.cat\/sarriaambgracia\/index.php?rest_route=%2Fwp%2Fv2%2Fmedia&parent=2819"}],"wp:term":[{"taxonomy":"category","embeddable":true,"href":"https:\/\/blogs.cpnl.cat\/sarriaambgracia\/index.php?rest_route=%2Fwp%2Fv2%2Fcategories&post=2819"},{"taxonomy":"post_tag","embeddable":true,"href":"https:\/\/blogs.cpnl.cat\/sarriaambgracia\/index.php?rest_route=%2Fwp%2Fv2%2Ftags&post=2819"}],"curies":[{"name":"wp","href":"https:\/\/api.w.org\/{rel}","templated":true}]}}