{"id":2823,"date":"2017-02-28T12:32:41","date_gmt":"2017-02-28T11:32:41","guid":{"rendered":"http:\/\/blogs.cpnl.cat\/sarriaambgracia\/?p=2823"},"modified":"2017-03-01T12:21:31","modified_gmt":"2017-03-01T11:21:31","slug":"curs-llengua-cultura-catala-presses","status":"publish","type":"post","link":"https:\/\/blogs.cpnl.cat\/sarriaambgracia\/?p=2823","title":{"rendered":"Curs Llengua i Cultura. Catal\u00e0 sense presses"},"content":{"rendered":"<p>La Delegaci\u00f3 de Gr\u00e0cia i Sarri\u00e0-Sant Gervasi imparteix el nou curs Llengua i Cultura. Catal\u00e0 sense presses, al <strong>Casal de barri Can Cardener<\/strong>, al carrer Cardener, 45.<\/p>\n<p>Es tracta d&#8217;un curs per ajudar a parlar catal\u00e0 amb m\u00e9s flu\u00efdesa, a escriure&#8217;l i a con\u00e8ixer de prop la hist\u00f2ria, la cultura i el patrimoni de Catalunya.<\/p>\n<p>El curs es far\u00e0 de l&#8217;<strong>1 de mar\u00e7 al 15 de jun<\/strong>y, els <strong>dimecres i dijous<\/strong>, de <strong>10 a 11.30<\/strong> hores.<\/p>\n<p><a href=\"https:\/\/blogs.cpnl.cat\/sarriaambgracia\/files\/2017\/02\/Llengua-i-Cultura.pdf\">Cartell curs Llengua i Cultura<\/a><\/p>\n<p>&nbsp;<\/p>\n","protected":false},"excerpt":{"rendered":"<p>La Delegaci\u00f3 de Gr\u00e0cia i Sarri\u00e0-Sant Gervasi imparteix el nou curs Llengua i Cultura. Catal\u00e0 sense presses, al Casal de barri Can Cardener, al carrer Cardener, 45. Es tracta d&#8217;un curs per ajudar a parlar catal\u00e0 amb m\u00e9s flu\u00efdesa, a escriure&#8217;l i a con\u00e8ixer de prop la hist\u00f2ria, la cultura i el patrimoni de Catalunya. [&hellip;]<\/p>\n","protected":false},"author":412,"featured_media":0,"comment_status":"open","ping_status":"closed","sticky":false,"template":"","format":"standard","meta":{"ngg_post_thumbnail":0,"footnotes":""},"categories":[6],"tags":[],"class_list":["post-2823","post","type-post","status-publish","format-standard","hentry","category-general"],"_links":{"self":[{"href":"https:\/\/blogs.cpnl.cat\/sarriaambgracia\/index.php?rest_route=\/wp\/v2\/posts\/2823","targetHints":{"allow":["GET"]}}],"collection":[{"href":"https:\/\/blogs.cpnl.cat\/sarriaambgracia\/index.php?rest_route=\/wp\/v2\/posts"}],"about":[{"href":"https:\/\/blogs.cpnl.cat\/sarriaambgracia\/index.php?rest_route=\/wp\/v2\/types\/post"}],"author":[{"embeddable":true,"href":"https:\/\/blogs.cpnl.cat\/sarriaambgracia\/index.php?rest_route=\/wp\/v2\/users\/412"}],"replies":[{"embeddable":true,"href":"https:\/\/blogs.cpnl.cat\/sarriaambgracia\/index.php?rest_route=%2Fwp%2Fv2%2Fcomments&post=2823"}],"version-history":[{"count":0,"href":"https:\/\/blogs.cpnl.cat\/sarriaambgracia\/index.php?rest_route=\/wp\/v2\/posts\/2823\/revisions"}],"wp:attachment":[{"href":"https:\/\/blogs.cpnl.cat\/sarriaambgracia\/index.php?rest_route=%2Fwp%2Fv2%2Fmedia&parent=2823"}],"wp:term":[{"taxonomy":"category","embeddable":true,"href":"https:\/\/blogs.cpnl.cat\/sarriaambgracia\/index.php?rest_route=%2Fwp%2Fv2%2Fcategories&post=2823"},{"taxonomy":"post_tag","embeddable":true,"href":"https:\/\/blogs.cpnl.cat\/sarriaambgracia\/index.php?rest_route=%2Fwp%2Fv2%2Ftags&post=2823"}],"curies":[{"name":"wp","href":"https:\/\/api.w.org\/{rel}","templated":true}]}}