{"id":2828,"date":"2017-03-02T13:55:08","date_gmt":"2017-03-02T12:55:08","guid":{"rendered":"http:\/\/blogs.cpnl.cat\/sarriaambgracia\/?p=2828"},"modified":"2017-03-03T09:52:53","modified_gmt":"2017-03-03T08:52:53","slug":"comunicar-clar-catala-nova-campanya-fomentar-lus-termes-dempresa-catala","status":"publish","type":"post","link":"https:\/\/blogs.cpnl.cat\/sarriaambgracia\/?p=2828","title":{"rendered":"&#8220;Per comunicar, clar i catal\u00e0&#8221;"},"content":{"rendered":"<p>La Direcci\u00f3 General de Pol\u00edtica Ling\u00fc\u00edstica (DGPL) del Departament de Cultura, el Consorci per a la Normalitzaci\u00f3 Ling\u00fc\u00edstica (CPNL) i el TERMCAT enceten <strong>&#8220;Per comunicar, clar i catal\u00e0&#8221;<\/strong>, una campanya de difusi\u00f3 de terminologia en catal\u00e0 relacionada amb el m\u00f3n de l&#8217;empresa que t\u00e9 com a objectiu donar a con\u00e8ixer terminologia empresarial en catal\u00e0 i de difondre la import\u00e0ncia de no adoptar indiscriminadament anglicismes innecessaris en entorns professionals.<\/p>\n<p>L&#8217;acci\u00f3, que es dur\u00e0 a terme des del febrer fins a l&#8217;abril a les xarxes socials, consisteix en l&#8217;<strong>emissi\u00f3 de p\u00edndoles que contrasten l&#8217;anglicisme amb la f\u00f3rmula catalana<\/strong>. Els termes estan recollits al fullet <em>50 termes del m\u00f3n de l&#8217;empresa<\/em>, que es podr\u00e0 descarregar a la p\u00e0gina de la campanya: <a href=\"http:\/\/llengua.gencat.cat\/ca\/serveis\/empresa_\/50-termes-del-mon-de-lempresa\/clar_i_catala\/\">http:\/\/llengua.gencat.cat\/ca\/serveis\/empresa_\/50-termes-del-mon-de-lempresa\/clar_i_catala\/<\/a><\/p>\n<p><img loading=\"lazy\" decoding=\"async\" src=\"http:\/\/www.cpnl.cat\/media\/upload\/imatges\/Alt_Penedes\/CASH_FLOW.JPG\" alt=\"\" width=\"381\" height=\"262\" \/><\/p>\n","protected":false},"excerpt":{"rendered":"<p>La Direcci\u00f3 General de Pol\u00edtica Ling\u00fc\u00edstica (DGPL) del Departament de Cultura, el Consorci per a la Normalitzaci\u00f3 Ling\u00fc\u00edstica (CPNL) i el TERMCAT enceten &#8220;Per comunicar, clar i catal\u00e0&#8221;, una campanya de difusi\u00f3 de terminologia en catal\u00e0 relacionada amb el m\u00f3n de l&#8217;empresa que t\u00e9 com a objectiu donar a con\u00e8ixer terminologia empresarial en catal\u00e0 i [&hellip;]<\/p>\n","protected":false},"author":412,"featured_media":0,"comment_status":"open","ping_status":"closed","sticky":false,"template":"","format":"standard","meta":{"ngg_post_thumbnail":0,"footnotes":""},"categories":[92069,6],"tags":[],"class_list":["post-2828","post","type-post","status-publish","format-standard","hentry","category-catala-i-empresa-ja-estas-al-dia","category-general"],"_links":{"self":[{"href":"https:\/\/blogs.cpnl.cat\/sarriaambgracia\/index.php?rest_route=\/wp\/v2\/posts\/2828","targetHints":{"allow":["GET"]}}],"collection":[{"href":"https:\/\/blogs.cpnl.cat\/sarriaambgracia\/index.php?rest_route=\/wp\/v2\/posts"}],"about":[{"href":"https:\/\/blogs.cpnl.cat\/sarriaambgracia\/index.php?rest_route=\/wp\/v2\/types\/post"}],"author":[{"embeddable":true,"href":"https:\/\/blogs.cpnl.cat\/sarriaambgracia\/index.php?rest_route=\/wp\/v2\/users\/412"}],"replies":[{"embeddable":true,"href":"https:\/\/blogs.cpnl.cat\/sarriaambgracia\/index.php?rest_route=%2Fwp%2Fv2%2Fcomments&post=2828"}],"version-history":[{"count":0,"href":"https:\/\/blogs.cpnl.cat\/sarriaambgracia\/index.php?rest_route=\/wp\/v2\/posts\/2828\/revisions"}],"wp:attachment":[{"href":"https:\/\/blogs.cpnl.cat\/sarriaambgracia\/index.php?rest_route=%2Fwp%2Fv2%2Fmedia&parent=2828"}],"wp:term":[{"taxonomy":"category","embeddable":true,"href":"https:\/\/blogs.cpnl.cat\/sarriaambgracia\/index.php?rest_route=%2Fwp%2Fv2%2Fcategories&post=2828"},{"taxonomy":"post_tag","embeddable":true,"href":"https:\/\/blogs.cpnl.cat\/sarriaambgracia\/index.php?rest_route=%2Fwp%2Fv2%2Ftags&post=2828"}],"curies":[{"name":"wp","href":"https:\/\/api.w.org\/{rel}","templated":true}]}}