{"id":2838,"date":"2017-03-28T10:06:11","date_gmt":"2017-03-28T09:06:11","guid":{"rendered":"http:\/\/blogs.cpnl.cat\/sarriaambgracia\/?p=2838"},"modified":"2017-04-04T11:38:12","modified_gmt":"2017-04-04T10:38:12","slug":"parlem-lobra-bearn-sala-nines","status":"publish","type":"post","link":"https:\/\/blogs.cpnl.cat\/sarriaambgracia\/?p=2838","title":{"rendered":"Parlem de l&#8217;obra Bearn o la sala de les nines"},"content":{"rendered":"<p>El proper dimecres<strong> 19 d&#8217;abril<\/strong>, a les <strong>12 h<\/strong>, comentarem l&#8217;obra <strong><em>Bearn o la sala de les nines<\/em><\/strong>, de Lloren\u00e7 Villalonga.<\/p>\n<p><i>Bearn o la sala de les nines<\/i> \u00e9s una novel\u00b7la que es va publicar per primera vegada, en castell\u00e0, el 1956. M\u00e9s tard, el 1961, va veure la llum la versi\u00f3 en llengua catalana. El context de l&#8217;obra era de forta repressi\u00f3 de la llengua i cultura catalanes per part del franquisme. El 1964 va ser considerada una de les obres m\u00e9s importants de la literatura en llengua catalana\u00a0del segle XX.<\/p>\n<p><img loading=\"lazy\" decoding=\"async\" class=\"irc_mi iPEsd2d_4rZE-pQOPx8XEepE\" src=\"http:\/\/image.casadellibro.com\/a\/l\/t0\/97\/9788496863897.jpg\" alt=\"Resultat d'imatges de bearn o la sala de les nines\" width=\"171\" height=\"259\" \/><\/p>\n<p>Us podeu inscriure a la Biblioteca Jaume Fuster, a la pla\u00e7a Lesseps, 20-22.<\/p>\n<p>&nbsp;<\/p>\n","protected":false},"excerpt":{"rendered":"<p>El proper dimecres 19 d&#8217;abril, a les 12 h, comentarem l&#8217;obra Bearn o la sala de les nines, de Lloren\u00e7 Villalonga. Bearn o la sala de les nines \u00e9s una novel\u00b7la que es va publicar per primera vegada, en castell\u00e0, el 1956. M\u00e9s tard, el 1961, va veure la llum la versi\u00f3 en llengua catalana. [&hellip;]<\/p>\n","protected":false},"author":412,"featured_media":0,"comment_status":"open","ping_status":"closed","sticky":false,"template":"","format":"standard","meta":{"ngg_post_thumbnail":0,"footnotes":""},"categories":[140808,6,77424],"tags":[],"class_list":["post-2838","post","type-post","status-publish","format-standard","hentry","category-activitats-literaries-i-trobades-amb-autors","category-general","category-lespai-dels-professors"],"_links":{"self":[{"href":"https:\/\/blogs.cpnl.cat\/sarriaambgracia\/index.php?rest_route=\/wp\/v2\/posts\/2838","targetHints":{"allow":["GET"]}}],"collection":[{"href":"https:\/\/blogs.cpnl.cat\/sarriaambgracia\/index.php?rest_route=\/wp\/v2\/posts"}],"about":[{"href":"https:\/\/blogs.cpnl.cat\/sarriaambgracia\/index.php?rest_route=\/wp\/v2\/types\/post"}],"author":[{"embeddable":true,"href":"https:\/\/blogs.cpnl.cat\/sarriaambgracia\/index.php?rest_route=\/wp\/v2\/users\/412"}],"replies":[{"embeddable":true,"href":"https:\/\/blogs.cpnl.cat\/sarriaambgracia\/index.php?rest_route=%2Fwp%2Fv2%2Fcomments&post=2838"}],"version-history":[{"count":0,"href":"https:\/\/blogs.cpnl.cat\/sarriaambgracia\/index.php?rest_route=\/wp\/v2\/posts\/2838\/revisions"}],"wp:attachment":[{"href":"https:\/\/blogs.cpnl.cat\/sarriaambgracia\/index.php?rest_route=%2Fwp%2Fv2%2Fmedia&parent=2838"}],"wp:term":[{"taxonomy":"category","embeddable":true,"href":"https:\/\/blogs.cpnl.cat\/sarriaambgracia\/index.php?rest_route=%2Fwp%2Fv2%2Fcategories&post=2838"},{"taxonomy":"post_tag","embeddable":true,"href":"https:\/\/blogs.cpnl.cat\/sarriaambgracia\/index.php?rest_route=%2Fwp%2Fv2%2Ftags&post=2838"}],"curies":[{"name":"wp","href":"https:\/\/api.w.org\/{rel}","templated":true}]}}