{"id":2869,"date":"2017-04-04T10:58:19","date_gmt":"2017-04-04T09:58:19","guid":{"rendered":"http:\/\/blogs.cpnl.cat\/sarriaambgracia\/?p=2869"},"modified":"2017-04-04T11:35:51","modified_gmt":"2017-04-04T10:35:51","slug":"concurs-sant-jordi-vols-gaudir-llibre-rosa-bon-rodoli","status":"publish","type":"post","link":"https:\/\/blogs.cpnl.cat\/sarriaambgracia\/?p=2869","title":{"rendered":"Concurs &#8220;Si per Sant Jordi vols gaudir, rosa, llibre i un bon rodol\u00ed&#8221;"},"content":{"rendered":"<p>La Federaci\u00f3 Gr\u00e0cia Comer\u00e7, amb la col\u00b7laboraci\u00f3 de la delegaci\u00f3 de Gr\u00e0cia i Sarri\u00e0-Sant Gervasi del CNL de Barcelona, convoca el concurs de fotografies del <strong>4 al 24 d&#8217;abril<\/strong> amb motiu de la campanya &#8220;A l&#8217;abril cada paraula val per mil&#8221; .<\/p>\n<p><a href=\"https:\/\/blogs.cpnl.cat\/sarriaambgracia\/files\/2017\/04\/Gr\u00e0cia-Comer\u00e7_cartell-concurs-St.-Jordi-2017.jpg\"><img loading=\"lazy\" decoding=\"async\" class=\"wp-image-2870 aligncenter\" src=\"https:\/\/blogs.cpnl.cat\/sarriaambgracia\/files\/2017\/04\/Gr\u00e0cia-Comer\u00e7_cartell-concurs-St.-Jordi-2017-212x300.jpg\" alt=\"\" width=\"213\" height=\"301\" srcset=\"https:\/\/blogs.cpnl.cat\/sarriaambgracia\/files\/2017\/04\/Gr\u00e0cia-Comer\u00e7_cartell-concurs-St.-Jordi-2017-212x300.jpg 212w, https:\/\/blogs.cpnl.cat\/sarriaambgracia\/files\/2017\/04\/Gr\u00e0cia-Comer\u00e7_cartell-concurs-St.-Jordi-2017-768x1086.jpg 768w, https:\/\/blogs.cpnl.cat\/sarriaambgracia\/files\/2017\/04\/Gr\u00e0cia-Comer\u00e7_cartell-concurs-St.-Jordi-2017-724x1024.jpg 724w, https:\/\/blogs.cpnl.cat\/sarriaambgracia\/files\/2017\/04\/Gr\u00e0cia-Comer\u00e7_cartell-concurs-St.-Jordi-2017.jpg 794w\" sizes=\"auto, (max-width: 213px) 100vw, 213px\" \/><\/a><\/p>\n<p>Aqu\u00ed teniu les <a href=\"https:\/\/blogs.cpnl.cat\/sarriaambgracia\/files\/2017\/04\/bases-concurs-Gr\u00e0cia-Comer\u00e7.pdf\">bases del concurs.<\/a><\/p>\n","protected":false},"excerpt":{"rendered":"<p>La Federaci\u00f3 Gr\u00e0cia Comer\u00e7, amb la col\u00b7laboraci\u00f3 de la delegaci\u00f3 de Gr\u00e0cia i Sarri\u00e0-Sant Gervasi del CNL de Barcelona, convoca el concurs de fotografies del 4 al 24 d&#8217;abril amb motiu de la campanya &#8220;A l&#8217;abril cada paraula val per mil&#8221; . Aqu\u00ed teniu les bases del concurs.<\/p>\n","protected":false},"author":412,"featured_media":0,"comment_status":"open","ping_status":"closed","sticky":false,"template":"","format":"standard","meta":{"ngg_post_thumbnail":0,"footnotes":""},"categories":[6,77424],"tags":[],"class_list":["post-2869","post","type-post","status-publish","format-standard","hentry","category-general","category-lespai-dels-professors"],"_links":{"self":[{"href":"https:\/\/blogs.cpnl.cat\/sarriaambgracia\/index.php?rest_route=\/wp\/v2\/posts\/2869","targetHints":{"allow":["GET"]}}],"collection":[{"href":"https:\/\/blogs.cpnl.cat\/sarriaambgracia\/index.php?rest_route=\/wp\/v2\/posts"}],"about":[{"href":"https:\/\/blogs.cpnl.cat\/sarriaambgracia\/index.php?rest_route=\/wp\/v2\/types\/post"}],"author":[{"embeddable":true,"href":"https:\/\/blogs.cpnl.cat\/sarriaambgracia\/index.php?rest_route=\/wp\/v2\/users\/412"}],"replies":[{"embeddable":true,"href":"https:\/\/blogs.cpnl.cat\/sarriaambgracia\/index.php?rest_route=%2Fwp%2Fv2%2Fcomments&post=2869"}],"version-history":[{"count":0,"href":"https:\/\/blogs.cpnl.cat\/sarriaambgracia\/index.php?rest_route=\/wp\/v2\/posts\/2869\/revisions"}],"wp:attachment":[{"href":"https:\/\/blogs.cpnl.cat\/sarriaambgracia\/index.php?rest_route=%2Fwp%2Fv2%2Fmedia&parent=2869"}],"wp:term":[{"taxonomy":"category","embeddable":true,"href":"https:\/\/blogs.cpnl.cat\/sarriaambgracia\/index.php?rest_route=%2Fwp%2Fv2%2Fcategories&post=2869"},{"taxonomy":"post_tag","embeddable":true,"href":"https:\/\/blogs.cpnl.cat\/sarriaambgracia\/index.php?rest_route=%2Fwp%2Fv2%2Ftags&post=2869"}],"curies":[{"name":"wp","href":"https:\/\/api.w.org\/{rel}","templated":true}]}}