{"id":2972,"date":"2017-06-26T09:02:06","date_gmt":"2017-06-26T08:02:06","guid":{"rendered":"http:\/\/blogs.cpnl.cat\/sarriaambgracia\/?p=2972"},"modified":"2017-06-27T08:34:27","modified_gmt":"2017-06-27T07:34:27","slug":"voluntariat-llengua-sen-festa-major","status":"publish","type":"post","link":"https:\/\/blogs.cpnl.cat\/sarriaambgracia\/?p=2972","title":{"rendered":"El VxL se&#8217;n va de festa major!"},"content":{"rendered":"<p>La Delegaci\u00f3 de Gr\u00e0cia i Sarri\u00e0-Sant Gervasi del Centre de Normalitzaci\u00f3 Ling\u00fc\u00edstica (CNL) de Barcelona va escollir un espai ben emblem\u00e0tic per celebrar-hi el dimecres 21 de juny un nou acte de presentaci\u00f3 de parelles ling\u00fc\u00edstiques del programa <a href=\"http:\/\/www.cpnl.cat\/xarxa\/cnlbarcelona\/voluntaris\/\">Voluntariat per la llengua<\/a>: l&#8217;envelat de la Festa Major de Gr\u00e0cia. Els nous voluntaris i aprenents es van trobar en un ambient festiu i van poder descobrir aquest lloc creat especialment per celebrar el bicentenari de la festa barcelonina dels guarnits per excel\u00b7l\u00e8ncia.<\/p>\n<p>Gr\u00e0cies a les explicacions de la presidenta de la <a class=\"external\" href=\"http:\/\/www.festamajordegracia.cat\/\" target=\"_blank\" rel=\"external noopener\">Festa Major<\/a>, Carla Carbonell, i del president del <a class=\"external\" href=\"http:\/\/www.tallerhistoriadegracia.cat\/\" target=\"_blank\" rel=\"external noopener\">Taller d&#8217;Hist\u00f2ria de Gr\u00e0cia<\/a>, Josep Maria Contel, els assistents van poder con\u00e8ixer que l&#8217;envelat reprodueix l&#8217;estructura t\u00edpica i el muntatge propi d&#8217;aquests espais al segle XIX i van tenir l&#8217;oportuntitat de retrocedir una mica en el temps i imaginar aquella festa major dels inicis.<\/p>\n<p>La hist\u00f2ria tamb\u00e9 va servir per unir voluntaris i aprenents en una din\u00e0mica en qu\u00e8 cadasc\u00fa havia de buscar la persona que tenia una fotografia igual a la seva, una imatge antiga d&#8217;algun dels carrers del barri.<\/p>\n<p>Despr\u00e9s d&#8217;una estona de conversa inicial entre les parelles i del visionat d&#8217;un v\u00eddeo sobre el Voluntariat per la llengua, Toni Mataix, cap de Projectes i Serveis Generals del CNL de Barcelona, va adre\u00e7ar unes paraules als assistents per agrair la implicaci\u00f3 de tothom en l&#8217;\u00e8xit del programa i la participaci\u00f3 de tots els que van fer possible l&#8217;esdeveniment d&#8217;ahir.<\/p>\n<p>L&#8217;acte es va cloure amb una explicaci\u00f3 sobre el funcionament del Voluntariat per la llengua per part del responsable del programa, Marcel Pellej\u00e0. A partir d&#8217;aqu\u00ed, la festa va seguir gr\u00e0cies a la m\u00fasica del grup <a class=\"external\" href=\"http:\/\/ballaveu.wixsite.com\/ballaveu\" target=\"_blank\" rel=\"external noopener\">Ballaveu<\/a>, que va aconseguir fer sortir les ganes de ballar del p\u00fablic i va animar la gent a viure abans d&#8217;hora la Festa Major.<\/p>\n<p><a href=\"http:\/\/www.cursdistancia.com\/cnlbgaleria\/index.php?\/category\/78\">Fotos de l&#8217;acte<\/a><\/p>\n<p><iframe loading=\"lazy\" title=\"Marcel Pellej\u00e0, ens parla de la constituci\u00f3 de parelles ling\u00fc\u00edstiques\" width=\"500\" height=\"375\" src=\"https:\/\/www.youtube.com\/embed\/Ha4EhfMlUWo?feature=oembed\" frameborder=\"0\" allow=\"accelerometer; autoplay; clipboard-write; encrypted-media; gyroscope; picture-in-picture; web-share\" referrerpolicy=\"strict-origin-when-cross-origin\" allowfullscreen><\/iframe><\/p>\n","protected":false},"excerpt":{"rendered":"<p>La Delegaci\u00f3 de Gr\u00e0cia i Sarri\u00e0-Sant Gervasi del Centre de Normalitzaci\u00f3 Ling\u00fc\u00edstica (CNL) de Barcelona va escollir un espai ben emblem\u00e0tic per celebrar-hi el dimecres 21 de juny un nou acte de presentaci\u00f3 de parelles ling\u00fc\u00edstiques del programa Voluntariat per la llengua: l&#8217;envelat de la Festa Major de Gr\u00e0cia. Els nous voluntaris i aprenents es [&hellip;]<\/p>\n","protected":false},"author":412,"featured_media":0,"comment_status":"open","ping_status":"closed","sticky":false,"template":"","format":"standard","meta":{"ngg_post_thumbnail":0,"footnotes":""},"categories":[141011,6],"tags":[],"class_list":["post-2972","post","type-post","status-publish","format-standard","hentry","category-establiments-collaboradors-voluntariat-per-la-llengua","category-general"],"_links":{"self":[{"href":"https:\/\/blogs.cpnl.cat\/sarriaambgracia\/index.php?rest_route=\/wp\/v2\/posts\/2972","targetHints":{"allow":["GET"]}}],"collection":[{"href":"https:\/\/blogs.cpnl.cat\/sarriaambgracia\/index.php?rest_route=\/wp\/v2\/posts"}],"about":[{"href":"https:\/\/blogs.cpnl.cat\/sarriaambgracia\/index.php?rest_route=\/wp\/v2\/types\/post"}],"author":[{"embeddable":true,"href":"https:\/\/blogs.cpnl.cat\/sarriaambgracia\/index.php?rest_route=\/wp\/v2\/users\/412"}],"replies":[{"embeddable":true,"href":"https:\/\/blogs.cpnl.cat\/sarriaambgracia\/index.php?rest_route=%2Fwp%2Fv2%2Fcomments&post=2972"}],"version-history":[{"count":0,"href":"https:\/\/blogs.cpnl.cat\/sarriaambgracia\/index.php?rest_route=\/wp\/v2\/posts\/2972\/revisions"}],"wp:attachment":[{"href":"https:\/\/blogs.cpnl.cat\/sarriaambgracia\/index.php?rest_route=%2Fwp%2Fv2%2Fmedia&parent=2972"}],"wp:term":[{"taxonomy":"category","embeddable":true,"href":"https:\/\/blogs.cpnl.cat\/sarriaambgracia\/index.php?rest_route=%2Fwp%2Fv2%2Fcategories&post=2972"},{"taxonomy":"post_tag","embeddable":true,"href":"https:\/\/blogs.cpnl.cat\/sarriaambgracia\/index.php?rest_route=%2Fwp%2Fv2%2Ftags&post=2972"}],"curies":[{"name":"wp","href":"https:\/\/api.w.org\/{rel}","templated":true}]}}