{"id":2974,"date":"2017-06-27T08:47:20","date_gmt":"2017-06-27T07:47:20","guid":{"rendered":"http:\/\/blogs.cpnl.cat\/sarriaambgracia\/?p=2974"},"modified":"2017-07-06T08:57:00","modified_gmt":"2017-07-06T07:57:00","slug":"casa-orlandai-acull-durant-lestiu-curs-catala","status":"publish","type":"post","link":"https:\/\/blogs.cpnl.cat\/sarriaambgracia\/?p=2974","title":{"rendered":"La Casa Orlandai i Can Castell\u00f3 acullen aquest estiu un curs de catal\u00e0"},"content":{"rendered":"<p>Des del 3 al 27 de juliol la <a href=\"http:\/\/casaorlandai.cat\/lassociacio\/que-es-lacco\/\">Casa Orlandai<\/a>, al carrer Jaume Piquet, 23, acull un curs de catal\u00e0 de nivell b\u00e0sic 3, de 10 a 13 hores, i en les mateixes dates el <a href=\"http:\/\/ajuntament.barcelona.cat\/ccivics\/cancastello\">centre c\u00edvic Can Castell\u00f3<\/a>, al carrer Castell\u00f3, 3, un curs de b\u00e0sic 1, en el mateix horari.<\/p>\n<p><img loading=\"lazy\" decoding=\"async\" class=\"irc_mi\" src=\"http:\/\/www.48hopenhousebarcelona.org\/sites\/default\/files\/styles\/detail_carousel\/public\/building\/1003_casa_orlandai_01.jpg?itok=y14gtgm5\" alt=\"Resultat d'imatges de casa orlandai\" width=\"212\" height=\"168\" \/>\u00a0<img loading=\"lazy\" decoding=\"async\" class=\"irc_mi\" src=\"http:\/\/ajuntament.barcelona.cat\/ccivics\/images\/1406738220_can%20castello%20600400.jpg\" alt=\"Resultat d'imatges de can castell\u00f3\" width=\"224\" height=\"168\" \/><\/p>\n","protected":false},"excerpt":{"rendered":"<p>Des del 3 al 27 de juliol la Casa Orlandai, al carrer Jaume Piquet, 23, acull un curs de catal\u00e0 de nivell b\u00e0sic 3, de 10 a 13 hores, i en les mateixes dates el centre c\u00edvic Can Castell\u00f3, al carrer Castell\u00f3, 3, un curs de b\u00e0sic 1, en el mateix horari. \u00a0<\/p>\n","protected":false},"author":412,"featured_media":0,"comment_status":"open","ping_status":"closed","sticky":false,"template":"","format":"standard","meta":{"ngg_post_thumbnail":0,"footnotes":""},"categories":[6,77424],"tags":[],"class_list":["post-2974","post","type-post","status-publish","format-standard","hentry","category-general","category-lespai-dels-professors"],"_links":{"self":[{"href":"https:\/\/blogs.cpnl.cat\/sarriaambgracia\/index.php?rest_route=\/wp\/v2\/posts\/2974","targetHints":{"allow":["GET"]}}],"collection":[{"href":"https:\/\/blogs.cpnl.cat\/sarriaambgracia\/index.php?rest_route=\/wp\/v2\/posts"}],"about":[{"href":"https:\/\/blogs.cpnl.cat\/sarriaambgracia\/index.php?rest_route=\/wp\/v2\/types\/post"}],"author":[{"embeddable":true,"href":"https:\/\/blogs.cpnl.cat\/sarriaambgracia\/index.php?rest_route=\/wp\/v2\/users\/412"}],"replies":[{"embeddable":true,"href":"https:\/\/blogs.cpnl.cat\/sarriaambgracia\/index.php?rest_route=%2Fwp%2Fv2%2Fcomments&post=2974"}],"version-history":[{"count":0,"href":"https:\/\/blogs.cpnl.cat\/sarriaambgracia\/index.php?rest_route=\/wp\/v2\/posts\/2974\/revisions"}],"wp:attachment":[{"href":"https:\/\/blogs.cpnl.cat\/sarriaambgracia\/index.php?rest_route=%2Fwp%2Fv2%2Fmedia&parent=2974"}],"wp:term":[{"taxonomy":"category","embeddable":true,"href":"https:\/\/blogs.cpnl.cat\/sarriaambgracia\/index.php?rest_route=%2Fwp%2Fv2%2Fcategories&post=2974"},{"taxonomy":"post_tag","embeddable":true,"href":"https:\/\/blogs.cpnl.cat\/sarriaambgracia\/index.php?rest_route=%2Fwp%2Fv2%2Ftags&post=2974"}],"curies":[{"name":"wp","href":"https:\/\/api.w.org\/{rel}","templated":true}]}}