{"id":2982,"date":"2017-07-05T08:21:58","date_gmt":"2017-07-05T07:21:58","guid":{"rendered":"http:\/\/blogs.cpnl.cat\/sarriaambgracia\/?p=2982"},"modified":"2017-07-06T08:25:11","modified_gmt":"2017-07-06T07:25:11","slug":"final-curs-tradicionarius","status":"publish","type":"post","link":"https:\/\/blogs.cpnl.cat\/sarriaambgracia\/?p=2982","title":{"rendered":"Final de curs al Tradicion\u00e0rius"},"content":{"rendered":"<p>El grup de nivell b\u00e0sic 1 de l&#8217;Elvira i la Teresa va celebrar el dimecres 5 de juliol a la tarda el final de curs al <a href=\"http:\/\/www.tradicionarius.cat\/\">Centre Artes\u00e0 Tradicion\u00e0rius<\/a> , on van fer un berenar al bar.<\/p>\n<p><a href=\"https:\/\/blogs.cpnl.cat\/sarriaambgracia\/files\/2017\/07\/IMG-20170705-WA0003.jpg\"><img loading=\"lazy\" decoding=\"async\" class=\"alignnone wp-image-2984\" src=\"https:\/\/blogs.cpnl.cat\/sarriaambgracia\/files\/2017\/07\/IMG-20170705-WA0003-300x225.jpg\" alt=\"\" width=\"219\" height=\"164\" srcset=\"https:\/\/blogs.cpnl.cat\/sarriaambgracia\/files\/2017\/07\/IMG-20170705-WA0003-300x225.jpg 300w, https:\/\/blogs.cpnl.cat\/sarriaambgracia\/files\/2017\/07\/IMG-20170705-WA0003-768x576.jpg 768w, https:\/\/blogs.cpnl.cat\/sarriaambgracia\/files\/2017\/07\/IMG-20170705-WA0003-1024x768.jpg 1024w, https:\/\/blogs.cpnl.cat\/sarriaambgracia\/files\/2017\/07\/IMG-20170705-WA0003.jpg 1600w\" sizes=\"auto, (max-width: 219px) 100vw, 219px\" \/>\u00a0\u00a0<\/a><a href=\"https:\/\/blogs.cpnl.cat\/sarriaambgracia\/files\/2017\/07\/IMG-20170705-WA0022.jpg\"><img loading=\"lazy\" decoding=\"async\" class=\"alignnone wp-image-2983\" src=\"https:\/\/blogs.cpnl.cat\/sarriaambgracia\/files\/2017\/07\/IMG-20170705-WA0022-300x225.jpg\" alt=\"\" width=\"218\" height=\"164\" srcset=\"https:\/\/blogs.cpnl.cat\/sarriaambgracia\/files\/2017\/07\/IMG-20170705-WA0022-300x225.jpg 300w, https:\/\/blogs.cpnl.cat\/sarriaambgracia\/files\/2017\/07\/IMG-20170705-WA0022-768x576.jpg 768w, https:\/\/blogs.cpnl.cat\/sarriaambgracia\/files\/2017\/07\/IMG-20170705-WA0022-1024x768.jpg 1024w, https:\/\/blogs.cpnl.cat\/sarriaambgracia\/files\/2017\/07\/IMG-20170705-WA0022.jpg 1600w\" sizes=\"auto, (max-width: 218px) 100vw, 218px\" \/><\/a><\/p>\n","protected":false},"excerpt":{"rendered":"<p>El grup de nivell b\u00e0sic 1 de l&#8217;Elvira i la Teresa va celebrar el dimecres 5 de juliol a la tarda el final de curs al Centre Artes\u00e0 Tradicion\u00e0rius , on van fer un berenar al bar. \u00a0\u00a0<\/p>\n","protected":false},"author":412,"featured_media":0,"comment_status":"open","ping_status":"closed","sticky":false,"template":"","format":"standard","meta":{"ngg_post_thumbnail":0,"footnotes":""},"categories":[141011,6,77424],"tags":[],"class_list":["post-2982","post","type-post","status-publish","format-standard","hentry","category-establiments-collaboradors-voluntariat-per-la-llengua","category-general","category-lespai-dels-professors"],"_links":{"self":[{"href":"https:\/\/blogs.cpnl.cat\/sarriaambgracia\/index.php?rest_route=\/wp\/v2\/posts\/2982","targetHints":{"allow":["GET"]}}],"collection":[{"href":"https:\/\/blogs.cpnl.cat\/sarriaambgracia\/index.php?rest_route=\/wp\/v2\/posts"}],"about":[{"href":"https:\/\/blogs.cpnl.cat\/sarriaambgracia\/index.php?rest_route=\/wp\/v2\/types\/post"}],"author":[{"embeddable":true,"href":"https:\/\/blogs.cpnl.cat\/sarriaambgracia\/index.php?rest_route=\/wp\/v2\/users\/412"}],"replies":[{"embeddable":true,"href":"https:\/\/blogs.cpnl.cat\/sarriaambgracia\/index.php?rest_route=%2Fwp%2Fv2%2Fcomments&post=2982"}],"version-history":[{"count":0,"href":"https:\/\/blogs.cpnl.cat\/sarriaambgracia\/index.php?rest_route=\/wp\/v2\/posts\/2982\/revisions"}],"wp:attachment":[{"href":"https:\/\/blogs.cpnl.cat\/sarriaambgracia\/index.php?rest_route=%2Fwp%2Fv2%2Fmedia&parent=2982"}],"wp:term":[{"taxonomy":"category","embeddable":true,"href":"https:\/\/blogs.cpnl.cat\/sarriaambgracia\/index.php?rest_route=%2Fwp%2Fv2%2Fcategories&post=2982"},{"taxonomy":"post_tag","embeddable":true,"href":"https:\/\/blogs.cpnl.cat\/sarriaambgracia\/index.php?rest_route=%2Fwp%2Fv2%2Ftags&post=2982"}],"curies":[{"name":"wp","href":"https:\/\/api.w.org\/{rel}","templated":true}]}}