{"id":2994,"date":"2017-09-04T08:12:39","date_gmt":"2017-09-04T07:12:39","guid":{"rendered":"http:\/\/blogs.cpnl.cat\/sarriaambgracia\/?p=2994"},"modified":"2017-09-04T08:12:39","modified_gmt":"2017-09-04T07:12:39","slug":"inscripcio-club-lectura","status":"publish","type":"post","link":"https:\/\/blogs.cpnl.cat\/sarriaambgracia\/?p=2994","title":{"rendered":"Inscripci\u00f3 al club de lectura"},"content":{"rendered":"<p>A partir de l&#8217;1 de setembre ja us podeu inscriure al club de lectura. Igual que l&#8217;any passat tindr\u00e0 lloc a la <strong><span style=\"color: #000080;\">Biblioteca Jaume Fuster<\/span><\/strong>, a la pla\u00e7a Lesseps, 20-22, cada tercer dimecres de mes a les 12 hores.<\/p>\n<p>Aqu\u00ed teniu el calendari amb els llibres:<\/p>\n<p>25 d&#8217;octubre: <strong><em>T&#8217;estimo si he begut,<\/em><\/strong> Empar Molin\u00e9<\/p>\n<p>15 de novembre: <em><strong>Paraules d&#8217;Op\u00f2ton el Vell<\/strong><\/em>, T\u00edsner<\/p>\n<p>20 de desembre: <em><strong>Egosurfing<\/strong><\/em>, Llucia Ramis<\/p>\n<p>17 de gener: <em><strong>Societat negra<\/strong><\/em>, Andreu Mart\u00edn<\/p>\n<p>21 de febrer: <strong><em>La pla\u00e7a del Diamant<\/em><\/strong>, Merc\u00e8 Rodoreda<\/p>\n<p>21 de mar\u00e7: <em><strong>Vida privada<\/strong><\/em>, de Josep M. de Segarra<\/p>\n<p>18 d&#8217;abril: <em><strong>Acrollam<\/strong><\/em>, de Biel Mesquida<\/p>\n<p>16 de maig: <strong><em>Maria Rosa<\/em><\/strong>, d&#8217;\u00c0ngel Guimer\u00e0<\/p>\n<p>Podeu fer la inscripci\u00f3 a la nostra delegaci\u00f3 o a la biblioteca.<\/p>\n","protected":false},"excerpt":{"rendered":"<p>A partir de l&#8217;1 de setembre ja us podeu inscriure al club de lectura. Igual que l&#8217;any passat tindr\u00e0 lloc a la Biblioteca Jaume Fuster, a la pla\u00e7a Lesseps, 20-22, cada tercer dimecres de mes a les 12 hores. Aqu\u00ed teniu el calendari amb els llibres: 25 d&#8217;octubre: T&#8217;estimo si he begut, Empar Molin\u00e9 15 [&hellip;]<\/p>\n","protected":false},"author":412,"featured_media":0,"comment_status":"open","ping_status":"closed","sticky":false,"template":"","format":"standard","meta":{"ngg_post_thumbnail":0,"footnotes":""},"categories":[140808,6,77424],"tags":[],"class_list":["post-2994","post","type-post","status-publish","format-standard","hentry","category-activitats-literaries-i-trobades-amb-autors","category-general","category-lespai-dels-professors"],"_links":{"self":[{"href":"https:\/\/blogs.cpnl.cat\/sarriaambgracia\/index.php?rest_route=\/wp\/v2\/posts\/2994","targetHints":{"allow":["GET"]}}],"collection":[{"href":"https:\/\/blogs.cpnl.cat\/sarriaambgracia\/index.php?rest_route=\/wp\/v2\/posts"}],"about":[{"href":"https:\/\/blogs.cpnl.cat\/sarriaambgracia\/index.php?rest_route=\/wp\/v2\/types\/post"}],"author":[{"embeddable":true,"href":"https:\/\/blogs.cpnl.cat\/sarriaambgracia\/index.php?rest_route=\/wp\/v2\/users\/412"}],"replies":[{"embeddable":true,"href":"https:\/\/blogs.cpnl.cat\/sarriaambgracia\/index.php?rest_route=%2Fwp%2Fv2%2Fcomments&post=2994"}],"version-history":[{"count":0,"href":"https:\/\/blogs.cpnl.cat\/sarriaambgracia\/index.php?rest_route=\/wp\/v2\/posts\/2994\/revisions"}],"wp:attachment":[{"href":"https:\/\/blogs.cpnl.cat\/sarriaambgracia\/index.php?rest_route=%2Fwp%2Fv2%2Fmedia&parent=2994"}],"wp:term":[{"taxonomy":"category","embeddable":true,"href":"https:\/\/blogs.cpnl.cat\/sarriaambgracia\/index.php?rest_route=%2Fwp%2Fv2%2Fcategories&post=2994"},{"taxonomy":"post_tag","embeddable":true,"href":"https:\/\/blogs.cpnl.cat\/sarriaambgracia\/index.php?rest_route=%2Fwp%2Fv2%2Ftags&post=2994"}],"curies":[{"name":"wp","href":"https:\/\/api.w.org\/{rel}","templated":true}]}}