{"id":2999,"date":"2017-10-02T08:18:49","date_gmt":"2017-10-02T07:18:49","guid":{"rendered":"http:\/\/blogs.cpnl.cat\/sarriaambgracia\/?p=2999"},"modified":"2017-10-05T08:39:08","modified_gmt":"2017-10-05T07:39:08","slug":"mirades-veus-catala-centre-cultural-sant-vicenc-sarria","status":"publish","type":"post","link":"https:\/\/blogs.cpnl.cat\/sarriaambgracia\/?p=2999","title":{"rendered":"&#8220;Mirades i veus del catal\u00e0&#8221; al Centre Cultural de Sant Vicen\u00e7 de Sarri\u00e0"},"content":{"rendered":"<p><img loading=\"lazy\" decoding=\"async\" class=\"irc_mi alignleft\" src=\"https:\/\/www.plataforma-llengua.cat\/media\/upload\/gif\/assets\/4309\/cache\/20130926WEB_Mirades_i_veus_700.jpg\" alt=\"Resultat d'imatges de mirades i veus\" width=\"104\" height=\"107\" \/>Des <strong>del 2 fins al 27 d&#8217;octubre<\/strong>, i coincidint amb la <a href=\"http:\/\/festasarria.cat\/\">Festa Major de Sarri\u00e0<\/a>\u00a0, <a href=\"http:\/\/www.centredesarria.entitatsbcn.net\/\">el Centre Cultural de Sant Vicen\u00e7 de Sarri\u00e0<\/a>, al carrer Pare Miquel de Sarri\u00e0, 8, acull l&#8217;exposici\u00f3 &#8220;Mirades i veus del catal\u00e0&#8221;.<\/p>\n<p>L&#8217;exposici\u00f3 t\u00e9 com uns dels principals objectius desfer t\u00f2pics i estereotips referits a les persones immigrades i l&#8217;aprenentatge del catal\u00e0 com a llengua comuna.\u00a0Al mateix temps, vol fer visible la diversitat de parlants d&#8217;altres lleng\u00fces a Catalunya,<b> <\/b>posant en valor les aportacions de les seves lleng\u00fces i cultures a la societat catalana\u00a0i la riquesa que aix\u00f2 suposa per al nostre pa\u00eds.<\/p>\n<p>L&#8217;alumnat del CNL la visitar\u00e0 i dur\u00e0 a terme activitats relacionades amb l&#8217;exposici\u00f3.<\/p>\n<p><iframe loading=\"lazy\" style=\"border:none\" src=\"https:\/\/s3.amazonaws.com\/files.photosnack.com\/iframejs\/widget.html?hash=ptn5o999r&#038;t=1507181706\" width=\"100%\" height=\"100%\" allowfullscreen=\"true\" mozallowfullscreen=\"true\" webkitallowfullscreen=\"true\" ><\/iframe><\/p>\n","protected":false},"excerpt":{"rendered":"<p>Des del 2 fins al 27 d&#8217;octubre, i coincidint amb la Festa Major de Sarri\u00e0\u00a0, el Centre Cultural de Sant Vicen\u00e7 de Sarri\u00e0, al carrer Pare Miquel de Sarri\u00e0, 8, acull l&#8217;exposici\u00f3 &#8220;Mirades i veus del catal\u00e0&#8221;. L&#8217;exposici\u00f3 t\u00e9 com uns dels principals objectius desfer t\u00f2pics i estereotips referits a les persones immigrades i l&#8217;aprenentatge [&hellip;]<\/p>\n","protected":false},"author":412,"featured_media":0,"comment_status":"open","ping_status":"closed","sticky":false,"template":"","format":"standard","meta":{"ngg_post_thumbnail":0,"footnotes":""},"categories":[40148,6],"tags":[],"class_list":["post-2999","post","type-post","status-publish","format-standard","hentry","category-exposicions","category-general"],"_links":{"self":[{"href":"https:\/\/blogs.cpnl.cat\/sarriaambgracia\/index.php?rest_route=\/wp\/v2\/posts\/2999","targetHints":{"allow":["GET"]}}],"collection":[{"href":"https:\/\/blogs.cpnl.cat\/sarriaambgracia\/index.php?rest_route=\/wp\/v2\/posts"}],"about":[{"href":"https:\/\/blogs.cpnl.cat\/sarriaambgracia\/index.php?rest_route=\/wp\/v2\/types\/post"}],"author":[{"embeddable":true,"href":"https:\/\/blogs.cpnl.cat\/sarriaambgracia\/index.php?rest_route=\/wp\/v2\/users\/412"}],"replies":[{"embeddable":true,"href":"https:\/\/blogs.cpnl.cat\/sarriaambgracia\/index.php?rest_route=%2Fwp%2Fv2%2Fcomments&post=2999"}],"version-history":[{"count":0,"href":"https:\/\/blogs.cpnl.cat\/sarriaambgracia\/index.php?rest_route=\/wp\/v2\/posts\/2999\/revisions"}],"wp:attachment":[{"href":"https:\/\/blogs.cpnl.cat\/sarriaambgracia\/index.php?rest_route=%2Fwp%2Fv2%2Fmedia&parent=2999"}],"wp:term":[{"taxonomy":"category","embeddable":true,"href":"https:\/\/blogs.cpnl.cat\/sarriaambgracia\/index.php?rest_route=%2Fwp%2Fv2%2Fcategories&post=2999"},{"taxonomy":"post_tag","embeddable":true,"href":"https:\/\/blogs.cpnl.cat\/sarriaambgracia\/index.php?rest_route=%2Fwp%2Fv2%2Ftags&post=2999"}],"curies":[{"name":"wp","href":"https:\/\/api.w.org\/{rel}","templated":true}]}}