{"id":3033,"date":"2017-10-04T07:54:00","date_gmt":"2017-10-04T06:54:00","guid":{"rendered":"http:\/\/blogs.cpnl.cat\/sarriaambgracia\/?p=3033"},"modified":"2017-10-06T08:55:41","modified_gmt":"2017-10-06T07:55:41","slug":"cursos-catala-can-cardener-violeta","status":"publish","type":"post","link":"https:\/\/blogs.cpnl.cat\/sarriaambgracia\/?p=3033","title":{"rendered":"Cursos de catal\u00e0 a Can Cardener i La Violeta"},"content":{"rendered":"<p>El propers 19 i 20 d&#8217;octubre comencen dos nous cursos de catal\u00e0 a Can Cardener i a la Violeta de Gr\u00e0cia i finalitzaran el mes d&#8217;abril. Les dades dels cursos s\u00f3n:<\/p>\n<p>Els <strong>dijous, de 10 a 12 h,<\/strong> nivell <strong>I3 a Can Cardener,<\/strong> al carrer Cardener, 45.<\/p>\n<p>Els <strong>divendres, de 10 a 12 h<\/strong>, nivell <strong>I2 al Centre Cultural la Violeta de Gr\u00e0cia<\/strong>, al carrer Maspons, 6.<\/p>\n","protected":false},"excerpt":{"rendered":"<p>El propers 19 i 20 d&#8217;octubre comencen dos nous cursos de catal\u00e0 a Can Cardener i a la Violeta de Gr\u00e0cia i finalitzaran el mes d&#8217;abril. Les dades dels cursos s\u00f3n: Els dijous, de 10 a 12 h, nivell I3 a Can Cardener, al carrer Cardener, 45. Els divendres, de 10 a 12 h, nivell [&hellip;]<\/p>\n","protected":false},"author":412,"featured_media":0,"comment_status":"open","ping_status":"closed","sticky":false,"template":"","format":"standard","meta":{"ngg_post_thumbnail":0,"footnotes":""},"categories":[6,77424],"tags":[],"class_list":["post-3033","post","type-post","status-publish","format-standard","hentry","category-general","category-lespai-dels-professors"],"_links":{"self":[{"href":"https:\/\/blogs.cpnl.cat\/sarriaambgracia\/index.php?rest_route=\/wp\/v2\/posts\/3033","targetHints":{"allow":["GET"]}}],"collection":[{"href":"https:\/\/blogs.cpnl.cat\/sarriaambgracia\/index.php?rest_route=\/wp\/v2\/posts"}],"about":[{"href":"https:\/\/blogs.cpnl.cat\/sarriaambgracia\/index.php?rest_route=\/wp\/v2\/types\/post"}],"author":[{"embeddable":true,"href":"https:\/\/blogs.cpnl.cat\/sarriaambgracia\/index.php?rest_route=\/wp\/v2\/users\/412"}],"replies":[{"embeddable":true,"href":"https:\/\/blogs.cpnl.cat\/sarriaambgracia\/index.php?rest_route=%2Fwp%2Fv2%2Fcomments&post=3033"}],"version-history":[{"count":0,"href":"https:\/\/blogs.cpnl.cat\/sarriaambgracia\/index.php?rest_route=\/wp\/v2\/posts\/3033\/revisions"}],"wp:attachment":[{"href":"https:\/\/blogs.cpnl.cat\/sarriaambgracia\/index.php?rest_route=%2Fwp%2Fv2%2Fmedia&parent=3033"}],"wp:term":[{"taxonomy":"category","embeddable":true,"href":"https:\/\/blogs.cpnl.cat\/sarriaambgracia\/index.php?rest_route=%2Fwp%2Fv2%2Fcategories&post=3033"},{"taxonomy":"post_tag","embeddable":true,"href":"https:\/\/blogs.cpnl.cat\/sarriaambgracia\/index.php?rest_route=%2Fwp%2Fv2%2Ftags&post=3033"}],"curies":[{"name":"wp","href":"https:\/\/api.w.org\/{rel}","templated":true}]}}