{"id":3034,"date":"2017-10-04T08:04:30","date_gmt":"2017-10-04T07:04:30","guid":{"rendered":"http:\/\/blogs.cpnl.cat\/sarriaambgracia\/?p=3034"},"modified":"2017-10-05T12:35:30","modified_gmt":"2017-10-05T11:35:30","slug":"tornen-converses-bar-cat","status":"publish","type":"post","link":"https:\/\/blogs.cpnl.cat\/sarriaambgracia\/?p=3034","title":{"rendered":"Tornen les converses al Bar del CAT"},"content":{"rendered":"<p>El dilluns 2 d&#8217;octubre van tornar les converses al Bar del CAT, a la pla\u00e7a d&#8217;Anna Frank, s\/n. Es tracta d\u2019una <strong>trobada setmanal <\/strong>que t\u00e9 lloc cada <strong>dilluns<\/strong> de <strong>19 a 20 h<\/strong> per parlar en catal\u00e0 de manera distesa tot prenent un caf\u00e8.<\/p>\n<p><a href=\"https:\/\/blogs.cpnl.cat\/sarriaambgracia\/files\/2017\/10\/IMG-20171002-WA0045.jpg\"><img loading=\"lazy\" decoding=\"async\" class=\"alignnone size-medium wp-image-3036\" src=\"https:\/\/blogs.cpnl.cat\/sarriaambgracia\/files\/2017\/10\/IMG-20171002-WA0045-300x169.jpg\" alt=\"\" width=\"300\" height=\"169\" srcset=\"https:\/\/blogs.cpnl.cat\/sarriaambgracia\/files\/2017\/10\/IMG-20171002-WA0045-300x169.jpg 300w, https:\/\/blogs.cpnl.cat\/sarriaambgracia\/files\/2017\/10\/IMG-20171002-WA0045-768x432.jpg 768w, https:\/\/blogs.cpnl.cat\/sarriaambgracia\/files\/2017\/10\/IMG-20171002-WA0045-1024x576.jpg 1024w, https:\/\/blogs.cpnl.cat\/sarriaambgracia\/files\/2017\/10\/IMG-20171002-WA0045.jpg 1599w\" sizes=\"auto, (max-width: 300px) 100vw, 300px\" \/><\/a><\/p>\n<p>Qui hi vulgui participar nom\u00e9s cal que vagi al Bar del CAT!<\/p>\n","protected":false},"excerpt":{"rendered":"<p>El dilluns 2 d&#8217;octubre van tornar les converses al Bar del CAT, a la pla\u00e7a d&#8217;Anna Frank, s\/n. Es tracta d\u2019una trobada setmanal que t\u00e9 lloc cada dilluns de 19 a 20 h per parlar en catal\u00e0 de manera distesa tot prenent un caf\u00e8. Qui hi vulgui participar nom\u00e9s cal que vagi al Bar del [&hellip;]<\/p>\n","protected":false},"author":412,"featured_media":0,"comment_status":"open","ping_status":"closed","sticky":false,"template":"","format":"standard","meta":{"ngg_post_thumbnail":0,"footnotes":""},"categories":[141011,6,77424],"tags":[],"class_list":["post-3034","post","type-post","status-publish","format-standard","hentry","category-establiments-collaboradors-voluntariat-per-la-llengua","category-general","category-lespai-dels-professors"],"_links":{"self":[{"href":"https:\/\/blogs.cpnl.cat\/sarriaambgracia\/index.php?rest_route=\/wp\/v2\/posts\/3034","targetHints":{"allow":["GET"]}}],"collection":[{"href":"https:\/\/blogs.cpnl.cat\/sarriaambgracia\/index.php?rest_route=\/wp\/v2\/posts"}],"about":[{"href":"https:\/\/blogs.cpnl.cat\/sarriaambgracia\/index.php?rest_route=\/wp\/v2\/types\/post"}],"author":[{"embeddable":true,"href":"https:\/\/blogs.cpnl.cat\/sarriaambgracia\/index.php?rest_route=\/wp\/v2\/users\/412"}],"replies":[{"embeddable":true,"href":"https:\/\/blogs.cpnl.cat\/sarriaambgracia\/index.php?rest_route=%2Fwp%2Fv2%2Fcomments&post=3034"}],"version-history":[{"count":0,"href":"https:\/\/blogs.cpnl.cat\/sarriaambgracia\/index.php?rest_route=\/wp\/v2\/posts\/3034\/revisions"}],"wp:attachment":[{"href":"https:\/\/blogs.cpnl.cat\/sarriaambgracia\/index.php?rest_route=%2Fwp%2Fv2%2Fmedia&parent=3034"}],"wp:term":[{"taxonomy":"category","embeddable":true,"href":"https:\/\/blogs.cpnl.cat\/sarriaambgracia\/index.php?rest_route=%2Fwp%2Fv2%2Fcategories&post=3034"},{"taxonomy":"post_tag","embeddable":true,"href":"https:\/\/blogs.cpnl.cat\/sarriaambgracia\/index.php?rest_route=%2Fwp%2Fv2%2Ftags&post=3034"}],"curies":[{"name":"wp","href":"https:\/\/api.w.org\/{rel}","templated":true}]}}