{"id":3070,"date":"2017-11-10T11:50:30","date_gmt":"2017-11-10T10:50:30","guid":{"rendered":"http:\/\/blogs.cpnl.cat\/sarriaambgracia\/?p=3070"},"modified":"2017-11-10T11:50:47","modified_gmt":"2017-11-10T10:50:47","slug":"visita-lexposicio-contracorrent","status":"publish","type":"post","link":"https:\/\/blogs.cpnl.cat\/sarriaambgracia\/?p=3070","title":{"rendered":"Visita a l&#8217;exposici\u00f3 &#8220;A contracorrent&#8221; de Joana Biarn\u00e9s"},"content":{"rendered":"<p>El dijous 9 de novembre els alumnes del grup Elemental 2 de la Marta Company van visitar l&#8217;exposici\u00f3 sobre Joana Biarn\u00e9s &#8220;A contracorrent&#8221; al Palau Robert de Barcelona.<\/p>\n<p>L&#8217;exposici\u00f3 presenta una selecci\u00f3 de 90 fotografies del seu ampli arxiu fotogr\u00e0fic que mostren l\u2019Espanya de la postguerra civil amb posicions immobilistes i molt masculinitzades. Les fotografies corresponen a l\u2019\u00e8poca en qu\u00e8 Joana Biarn\u00e8s va treballar al diari de tarda \u201cPueblo\u201d, des del 1963 fins al 1973.<\/p>\n<p>Joana Biarn\u00e9s \u00e9s la primera fotorreportera del periodisme catal\u00e0 i espanyol que va anar &#8220;a contracorrent&#8221;, amb valentia en una \u00e8poca de pensament \u00fanic. El seu llegat fotogr\u00e0fic, que va des de l&#8217;esport fins al reportatge social passant per accidents i cat\u00e0strofes, mostra una etapa clau del segle XX: els anys de l&#8217;Espanya trista i empobrida del franquisme i els inicis de la democr\u00e0cia, amb aspiracions de llibertat i obertura d&#8217;una societat que recuperava la il\u00b7lusi\u00f3. La mirada fotogr\u00e0fica de Joana Biarn\u00e9s va captar aquesta societat canviant i els personatges m\u00e9s representatius en situacions naturals i sorprenents.<\/p>\n<p><a href=\"http:\/\/palaurobert.gencat.cat\/ca\/exposicions\/exposicionsactuals\/Biarnes\/\">http:\/\/palaurobert.gencat.cat\/ca\/exposicions\/exposicionsactuals\/Biarnes\/<\/a><\/p>\n<p><a href=\"https:\/\/blogs.cpnl.cat\/sarriaambgracia\/files\/2017\/11\/IMG-20171110-WA0001.jpg\"><img loading=\"lazy\" decoding=\"async\" class=\"alignnone wp-image-3071\" src=\"https:\/\/blogs.cpnl.cat\/sarriaambgracia\/files\/2017\/11\/IMG-20171110-WA0001-300x200.jpg\" alt=\"\" width=\"249\" height=\"166\" srcset=\"https:\/\/blogs.cpnl.cat\/sarriaambgracia\/files\/2017\/11\/IMG-20171110-WA0001-300x200.jpg 300w, https:\/\/blogs.cpnl.cat\/sarriaambgracia\/files\/2017\/11\/IMG-20171110-WA0001-768x512.jpg 768w, https:\/\/blogs.cpnl.cat\/sarriaambgracia\/files\/2017\/11\/IMG-20171110-WA0001-1024x683.jpg 1024w, https:\/\/blogs.cpnl.cat\/sarriaambgracia\/files\/2017\/11\/IMG-20171110-WA0001.jpg 1599w\" sizes=\"auto, (max-width: 249px) 100vw, 249px\" \/><\/a><\/p>\n","protected":false},"excerpt":{"rendered":"<p>El dijous 9 de novembre els alumnes del grup Elemental 2 de la Marta Company van visitar l&#8217;exposici\u00f3 sobre Joana Biarn\u00e9s &#8220;A contracorrent&#8221; al Palau Robert de Barcelona. L&#8217;exposici\u00f3 presenta una selecci\u00f3 de 90 fotografies del seu ampli arxiu fotogr\u00e0fic que mostren l\u2019Espanya de la postguerra civil amb posicions immobilistes i molt masculinitzades. Les fotografies [&hellip;]<\/p>\n","protected":false},"author":412,"featured_media":0,"comment_status":"open","ping_status":"closed","sticky":false,"template":"","format":"standard","meta":{"ngg_post_thumbnail":0,"footnotes":""},"categories":[40148,6,77424],"tags":[],"class_list":["post-3070","post","type-post","status-publish","format-standard","hentry","category-exposicions","category-general","category-lespai-dels-professors"],"_links":{"self":[{"href":"https:\/\/blogs.cpnl.cat\/sarriaambgracia\/index.php?rest_route=\/wp\/v2\/posts\/3070","targetHints":{"allow":["GET"]}}],"collection":[{"href":"https:\/\/blogs.cpnl.cat\/sarriaambgracia\/index.php?rest_route=\/wp\/v2\/posts"}],"about":[{"href":"https:\/\/blogs.cpnl.cat\/sarriaambgracia\/index.php?rest_route=\/wp\/v2\/types\/post"}],"author":[{"embeddable":true,"href":"https:\/\/blogs.cpnl.cat\/sarriaambgracia\/index.php?rest_route=\/wp\/v2\/users\/412"}],"replies":[{"embeddable":true,"href":"https:\/\/blogs.cpnl.cat\/sarriaambgracia\/index.php?rest_route=%2Fwp%2Fv2%2Fcomments&post=3070"}],"version-history":[{"count":0,"href":"https:\/\/blogs.cpnl.cat\/sarriaambgracia\/index.php?rest_route=\/wp\/v2\/posts\/3070\/revisions"}],"wp:attachment":[{"href":"https:\/\/blogs.cpnl.cat\/sarriaambgracia\/index.php?rest_route=%2Fwp%2Fv2%2Fmedia&parent=3070"}],"wp:term":[{"taxonomy":"category","embeddable":true,"href":"https:\/\/blogs.cpnl.cat\/sarriaambgracia\/index.php?rest_route=%2Fwp%2Fv2%2Fcategories&post=3070"},{"taxonomy":"post_tag","embeddable":true,"href":"https:\/\/blogs.cpnl.cat\/sarriaambgracia\/index.php?rest_route=%2Fwp%2Fv2%2Ftags&post=3070"}],"curies":[{"name":"wp","href":"https:\/\/api.w.org\/{rel}","templated":true}]}}