{"id":3078,"date":"2018-01-04T16:28:03","date_gmt":"2018-01-04T15:28:03","guid":{"rendered":"http:\/\/blogs.cpnl.cat\/sarriaambgracia\/?p=3078"},"modified":"2018-01-08T09:50:28","modified_gmt":"2018-01-08T08:50:28","slug":"societat-negra-dandreu-martin-propera-sessio-club-lectura","status":"publish","type":"post","link":"https:\/\/blogs.cpnl.cat\/sarriaambgracia\/?p=3078","title":{"rendered":"Societat negra, d&#8217;Andreu Mart\u00edn, a la propera sessi\u00f3 del club de lectura"},"content":{"rendered":"<p>El dimecres <strong>17 de gener<\/strong> es parlar\u00e0 de la novel\u00b7la<i> Societat negra, <\/i>d&#8217;Andreu Mart\u00edn.<i> <\/i>Ser\u00e0 com sempre<strong>\u00a0<\/strong>a les<strong> 12 h,<\/strong> a la Biblioteca Jaume Fuster de Gr\u00e0cia.<\/p>\n<p><em>Societat negra<\/em> \u00e9s guanyadora del V Premi Crims de Tinta. Al carrer G\u00fcell de Barcelona, sobre un Lexus, troben un cap de dona tallat. I la resta del cad\u00e0ver no triga a apar\u00e8ixer, arrossegat per un Seat Toledo. L&#8217;han lligat amb una corda al cotxe mentre estava aparcat, i el cos ha quedat ocult sota el cami\u00f3 de repartiment que tenia al darrere. Les primeres investigacions dels Mossos d&#8217;Esquadra apunten a un cas\u00a0relacionat amb les bandes llatines, una prova macabra o una manera brutal de passar comptes. Per\u00f2 al voltant de la botiga de roba a l&#8217;engr\u00f2s del senyor Soong, al carrer Trafalgar, passen moltes coses, i se senten rumors d&#8217;un robatori recent a una central de diner negre. Ben aviat comen\u00e7a a haver-hi veus que assenyalen les tr\u00edades xineses.<\/p>\n<p><span class=\"text\">Andreu Mart\u00edn (Barcelona, 1949), escriptor prol\u00edfic, t\u00e9 publicades m\u00e9s d&#8217;un centenar d&#8217;obres en catal\u00e0 i castell\u00e0, principalment novel\u00b7la polic\u00edaca per a adults i joves. Tamb\u00e9 ha escrit c\u00f2mic, teatre i guions de televisi\u00f3 i cinema. Ha rebut en tres ocasions el Premi Hammett de l&#8217;Associaci\u00f3 Internacional d&#8217;Escriptors Polic\u00edacs a la millor novel\u00b7la polic\u00edaca publicada en castell\u00e0 \u2013<i>Barcelona connection<\/i>, el 1989, <i>El hombre de la navaja<\/i> [<i>L&#8217;home que tenia ra\u00f3<\/i>], el 1993 i <i>Bell\u00edsimas personas<\/i> [<i>Bell\u00edssimes persones<\/i>], el 2000\u2013; el Premi Deutsche Krimi a la millor novel\u00b7la polic\u00edaca publicada a Alemanya el 1992 amb <i>Si \u00e9s no \u00e9s<\/i>; el Premi La Sonrisa Vertical de literatura er\u00f2tica el 2001 amb <i>Espera, ponte as\u00ed<\/i>; el Premi Sant Joan de novel\u00b7la el 2011 amb <i>Cabaret Pompeya<\/i> i el Crims de Tinta el 2012 amb <i>Societat Negra<\/i>. El conjunt de la seva obra de g\u00e8nere ha estat reconeguda amb el Premi del Col\u00b7legi de Detectius Privats de Catalunya (2001), el Memorial Jaume Fuster (2003) i el Premi Pepe Carvalho (2011). <\/span><\/p>\n<p>Si us hi voleu inscriure aneu al taulell de pr\u00e9stec de la biblioteca. La inscripci\u00f3 \u00e9s gratu\u00efta.<\/p>\n<p><img loading=\"lazy\" decoding=\"async\" class=\"irc_mi\" src=\"http:\/\/www.magrana.cat\/societat-negra_obra-guanyadora-del-v-premi-crims-de-tinta_andreu-martin_libro-OMAC292.jpg\" alt=\"Resultat d'imatges de societat negra\" width=\"174\" height=\"261\" \/><\/p>\n","protected":false},"excerpt":{"rendered":"<p>El dimecres 17 de gener es parlar\u00e0 de la novel\u00b7la Societat negra, d&#8217;Andreu Mart\u00edn. Ser\u00e0 com sempre\u00a0a les 12 h, a la Biblioteca Jaume Fuster de Gr\u00e0cia. Societat negra \u00e9s guanyadora del V Premi Crims de Tinta. Al carrer G\u00fcell de Barcelona, sobre un Lexus, troben un cap de dona tallat. I la resta del [&hellip;]<\/p>\n","protected":false},"author":412,"featured_media":0,"comment_status":"open","ping_status":"closed","sticky":false,"template":"","format":"standard","meta":{"ngg_post_thumbnail":0,"footnotes":""},"categories":[140808,6],"tags":[],"class_list":["post-3078","post","type-post","status-publish","format-standard","hentry","category-activitats-literaries-i-trobades-amb-autors","category-general"],"_links":{"self":[{"href":"https:\/\/blogs.cpnl.cat\/sarriaambgracia\/index.php?rest_route=\/wp\/v2\/posts\/3078","targetHints":{"allow":["GET"]}}],"collection":[{"href":"https:\/\/blogs.cpnl.cat\/sarriaambgracia\/index.php?rest_route=\/wp\/v2\/posts"}],"about":[{"href":"https:\/\/blogs.cpnl.cat\/sarriaambgracia\/index.php?rest_route=\/wp\/v2\/types\/post"}],"author":[{"embeddable":true,"href":"https:\/\/blogs.cpnl.cat\/sarriaambgracia\/index.php?rest_route=\/wp\/v2\/users\/412"}],"replies":[{"embeddable":true,"href":"https:\/\/blogs.cpnl.cat\/sarriaambgracia\/index.php?rest_route=%2Fwp%2Fv2%2Fcomments&post=3078"}],"version-history":[{"count":0,"href":"https:\/\/blogs.cpnl.cat\/sarriaambgracia\/index.php?rest_route=\/wp\/v2\/posts\/3078\/revisions"}],"wp:attachment":[{"href":"https:\/\/blogs.cpnl.cat\/sarriaambgracia\/index.php?rest_route=%2Fwp%2Fv2%2Fmedia&parent=3078"}],"wp:term":[{"taxonomy":"category","embeddable":true,"href":"https:\/\/blogs.cpnl.cat\/sarriaambgracia\/index.php?rest_route=%2Fwp%2Fv2%2Fcategories&post=3078"},{"taxonomy":"post_tag","embeddable":true,"href":"https:\/\/blogs.cpnl.cat\/sarriaambgracia\/index.php?rest_route=%2Fwp%2Fv2%2Ftags&post=3078"}],"curies":[{"name":"wp","href":"https:\/\/api.w.org\/{rel}","templated":true}]}}