{"id":3081,"date":"2017-12-04T12:12:24","date_gmt":"2017-12-04T11:12:24","guid":{"rendered":"http:\/\/blogs.cpnl.cat\/sarriaambgracia\/?p=3081"},"modified":"2017-12-04T12:12:24","modified_gmt":"2017-12-04T11:12:24","slug":"sortida-lateneu-barcelones","status":"publish","type":"post","link":"https:\/\/blogs.cpnl.cat\/sarriaambgracia\/?p=3081","title":{"rendered":"Sortida a l&#8217;Ateneu Barcelon\u00e8s"},"content":{"rendered":"<p>El dijous 30 de novembre el grup de nivell I3 de l&#8217;Elvira de Can Cardener va fer una visita guiada a l&#8217;Ateneu Barcelon\u00e8s.<\/p>\n<p>L&#8217;Ateneu Barcelon\u00e8s \u00e9s una associaci\u00f3 fundada el 1860\u00a0ubicada al carrer de la Canuda de Barcelona, al palau Savassona. El seu actual president \u00e9s l&#8217;historiador Jordi Casassas.\u00a0<sup id=\"cite_ref-2\" class=\"reference\"><\/sup>Personalitats molt significatives del pa\u00eds n&#8217;han ocupat la presid\u00e8ncia en diversos moments, entre els quals podem destacar: \u00c0ngel Guimer\u00e0, Valent\u00ed Almirall, Llu\u00eds Dom\u00e8nech i Montaner, Joan Maragall, Pompeu Fabra&#8230;<sup id=\"cite_ref-GEC_3-0\" class=\"reference\"><\/sup> Els discursos inaugurals de curs, pronunciats sempre per la presid\u00e8ncia, constitueixen una magn\u00edfica font per con\u00e8ixer l&#8217;evoluci\u00f3 de la hist\u00f2ria de la cultura catalana.<sup id=\"cite_ref-GEC_3-1\" class=\"reference\"><\/sup><\/p>\n<p><img loading=\"lazy\" decoding=\"async\" class=\"\" src=\"http:\/\/www.bcncatfilmcommission.com\/sites\/default\/files\/styles\/fancybox\/public\/locations\/Biblioteca%20sala%20Canuda%20Ateneu%20Barcelon%C3%A8s.jpg?itok=D7Je4IcX\" alt=\"Resultat d'imatges de ateneu barcelones\" width=\"280\" height=\"186\" \/><\/p>\n","protected":false},"excerpt":{"rendered":"<p>El dijous 30 de novembre el grup de nivell I3 de l&#8217;Elvira de Can Cardener va fer una visita guiada a l&#8217;Ateneu Barcelon\u00e8s. L&#8217;Ateneu Barcelon\u00e8s \u00e9s una associaci\u00f3 fundada el 1860\u00a0ubicada al carrer de la Canuda de Barcelona, al palau Savassona. El seu actual president \u00e9s l&#8217;historiador Jordi Casassas.\u00a0Personalitats molt significatives del pa\u00eds n&#8217;han ocupat [&hellip;]<\/p>\n","protected":false},"author":412,"featured_media":0,"comment_status":"open","ping_status":"closed","sticky":false,"template":"","format":"standard","meta":{"ngg_post_thumbnail":0,"footnotes":""},"categories":[6,77424],"tags":[],"class_list":["post-3081","post","type-post","status-publish","format-standard","hentry","category-general","category-lespai-dels-professors"],"_links":{"self":[{"href":"https:\/\/blogs.cpnl.cat\/sarriaambgracia\/index.php?rest_route=\/wp\/v2\/posts\/3081","targetHints":{"allow":["GET"]}}],"collection":[{"href":"https:\/\/blogs.cpnl.cat\/sarriaambgracia\/index.php?rest_route=\/wp\/v2\/posts"}],"about":[{"href":"https:\/\/blogs.cpnl.cat\/sarriaambgracia\/index.php?rest_route=\/wp\/v2\/types\/post"}],"author":[{"embeddable":true,"href":"https:\/\/blogs.cpnl.cat\/sarriaambgracia\/index.php?rest_route=\/wp\/v2\/users\/412"}],"replies":[{"embeddable":true,"href":"https:\/\/blogs.cpnl.cat\/sarriaambgracia\/index.php?rest_route=%2Fwp%2Fv2%2Fcomments&post=3081"}],"version-history":[{"count":0,"href":"https:\/\/blogs.cpnl.cat\/sarriaambgracia\/index.php?rest_route=\/wp\/v2\/posts\/3081\/revisions"}],"wp:attachment":[{"href":"https:\/\/blogs.cpnl.cat\/sarriaambgracia\/index.php?rest_route=%2Fwp%2Fv2%2Fmedia&parent=3081"}],"wp:term":[{"taxonomy":"category","embeddable":true,"href":"https:\/\/blogs.cpnl.cat\/sarriaambgracia\/index.php?rest_route=%2Fwp%2Fv2%2Fcategories&post=3081"},{"taxonomy":"post_tag","embeddable":true,"href":"https:\/\/blogs.cpnl.cat\/sarriaambgracia\/index.php?rest_route=%2Fwp%2Fv2%2Ftags&post=3081"}],"curies":[{"name":"wp","href":"https:\/\/api.w.org\/{rel}","templated":true}]}}