{"id":3084,"date":"2017-12-13T13:31:44","date_gmt":"2017-12-13T12:31:44","guid":{"rendered":"http:\/\/blogs.cpnl.cat\/sarriaambgracia\/?p=3084"},"modified":"2017-12-13T13:31:44","modified_gmt":"2017-12-13T12:31:44","slug":"sortida-al-tradicionarius-2","status":"publish","type":"post","link":"https:\/\/blogs.cpnl.cat\/sarriaambgracia\/?p=3084","title":{"rendered":"Sortida al Tradicion\u00e0rius"},"content":{"rendered":"<p>El dimecres 20 de desembre, a les 19.30 h, dos grups d&#8217;alumnes\u00a0dels cursos de catal\u00e0 dels nivells intermedi\u00a0 1 i b\u00e0sic 1, de la delegaci\u00f3 de Gr\u00e0cia del CNL de Barcelona,\u00a0visitaran el CAT. El director, Jordi F\u00e0bregas, els explicar\u00e0 la hist\u00f2ria del CAT i les activitats i tallers que s&#8217;hi fan. Despr\u00e9s, els alumnes podran gaudir del concert gratu\u00eft que es far\u00e0 a les 21.30 al bar del CAT, amb Enric Badal, viol\u00ed, i Pere Pau Ximenis, acordi\u00f3, que interpretaran melodies tradicionals d&#8217;arreu del m\u00f3n.<\/p>\n<p><strong class=\"x_bb\"><br \/>\n<\/strong><a id=\"LPlnk539884\" class=\"x_OWAAutoLink\" href=\"http:\/\/www.tradicionarius.cat\/ca\/la-taverna-de-nadal_-enric-badal-i-perepau-ximenis\/programacio\/600\" target=\"_blank\" rel=\"noopener noreferrer\">http:\/\/www.tradicionarius.cat\/ca\/la-taverna-de-nadal_-enric-badal-i-perepau-ximenis\/programacio\/600<\/a><\/p>\n<p><img loading=\"lazy\" decoding=\"async\" class=\"\" src=\"http:\/\/www.tradicionarius.cat\/es_ES\/media\/99ccec1f1200f56d083976bfc753be53.cms_570_570_196_196__\/La-Taverna-del-CAT---Marcel-Pich-i-Laia-Pedrol.jpg\" alt=\"La Taverna del CAT:: Marcel Pich i Laia Pedrol\" width=\"320\" height=\"110\" data-imagetype=\"External\" \/><\/p>\n","protected":false},"excerpt":{"rendered":"<p>El dimecres 20 de desembre, a les 19.30 h, dos grups d&#8217;alumnes\u00a0dels cursos de catal\u00e0 dels nivells intermedi\u00a0 1 i b\u00e0sic 1, de la delegaci\u00f3 de Gr\u00e0cia del CNL de Barcelona,\u00a0visitaran el CAT. El director, Jordi F\u00e0bregas, els explicar\u00e0 la hist\u00f2ria del CAT i les activitats i tallers que s&#8217;hi fan. Despr\u00e9s, els alumnes podran [&hellip;]<\/p>\n","protected":false},"author":412,"featured_media":0,"comment_status":"open","ping_status":"closed","sticky":false,"template":"","format":"standard","meta":{"ngg_post_thumbnail":0,"footnotes":""},"categories":[6],"tags":[],"class_list":["post-3084","post","type-post","status-publish","format-standard","hentry","category-general"],"_links":{"self":[{"href":"https:\/\/blogs.cpnl.cat\/sarriaambgracia\/index.php?rest_route=\/wp\/v2\/posts\/3084","targetHints":{"allow":["GET"]}}],"collection":[{"href":"https:\/\/blogs.cpnl.cat\/sarriaambgracia\/index.php?rest_route=\/wp\/v2\/posts"}],"about":[{"href":"https:\/\/blogs.cpnl.cat\/sarriaambgracia\/index.php?rest_route=\/wp\/v2\/types\/post"}],"author":[{"embeddable":true,"href":"https:\/\/blogs.cpnl.cat\/sarriaambgracia\/index.php?rest_route=\/wp\/v2\/users\/412"}],"replies":[{"embeddable":true,"href":"https:\/\/blogs.cpnl.cat\/sarriaambgracia\/index.php?rest_route=%2Fwp%2Fv2%2Fcomments&post=3084"}],"version-history":[{"count":0,"href":"https:\/\/blogs.cpnl.cat\/sarriaambgracia\/index.php?rest_route=\/wp\/v2\/posts\/3084\/revisions"}],"wp:attachment":[{"href":"https:\/\/blogs.cpnl.cat\/sarriaambgracia\/index.php?rest_route=%2Fwp%2Fv2%2Fmedia&parent=3084"}],"wp:term":[{"taxonomy":"category","embeddable":true,"href":"https:\/\/blogs.cpnl.cat\/sarriaambgracia\/index.php?rest_route=%2Fwp%2Fv2%2Fcategories&post=3084"},{"taxonomy":"post_tag","embeddable":true,"href":"https:\/\/blogs.cpnl.cat\/sarriaambgracia\/index.php?rest_route=%2Fwp%2Fv2%2Ftags&post=3084"}],"curies":[{"name":"wp","href":"https:\/\/api.w.org\/{rel}","templated":true}]}}