{"id":3085,"date":"2017-12-14T11:04:15","date_gmt":"2017-12-14T10:04:15","guid":{"rendered":"http:\/\/blogs.cpnl.cat\/sarriaambgracia\/?p=3085"},"modified":"2017-12-14T11:33:43","modified_gmt":"2017-12-14T10:33:43","slug":"visita-guiada-villa-joana","status":"publish","type":"post","link":"https:\/\/blogs.cpnl.cat\/sarriaambgracia\/?p=3085","title":{"rendered":"Visita guiada a Vil\u00b7la Joana"},"content":{"rendered":"<p>El grup de nivell S2 de la Teresa va visitar el dijous 14 de desembre, a les 10 h, el Museu Casa Verdaguer a Vil\u00b7la Joana.<\/p>\n<p><a href=\"https:\/\/blogs.cpnl.cat\/sarriaambgracia\/files\/2017\/12\/IMG-20171214-WA0002.jpg\"><img loading=\"lazy\" decoding=\"async\" class=\"alignnone wp-image-3086\" src=\"https:\/\/blogs.cpnl.cat\/sarriaambgracia\/files\/2017\/12\/IMG-20171214-WA0002-300x225.jpg\" alt=\"\" width=\"216\" height=\"162\" srcset=\"https:\/\/blogs.cpnl.cat\/sarriaambgracia\/files\/2017\/12\/IMG-20171214-WA0002-300x225.jpg 300w, https:\/\/blogs.cpnl.cat\/sarriaambgracia\/files\/2017\/12\/IMG-20171214-WA0002-768x576.jpg 768w, https:\/\/blogs.cpnl.cat\/sarriaambgracia\/files\/2017\/12\/IMG-20171214-WA0002-1024x768.jpg 1024w, https:\/\/blogs.cpnl.cat\/sarriaambgracia\/files\/2017\/12\/IMG-20171214-WA0002.jpg 1600w\" sizes=\"auto, (max-width: 216px) 100vw, 216px\" \/>\u00a0<\/a><a href=\"https:\/\/blogs.cpnl.cat\/sarriaambgracia\/files\/2017\/12\/IMG-20171214-WA0004.jpg\"><img loading=\"lazy\" decoding=\"async\" class=\"alignnone  wp-image-3087\" src=\"https:\/\/blogs.cpnl.cat\/sarriaambgracia\/files\/2017\/12\/IMG-20171214-WA0004-300x225.jpg\" alt=\"\" width=\"214\" height=\"161\" srcset=\"https:\/\/blogs.cpnl.cat\/sarriaambgracia\/files\/2017\/12\/IMG-20171214-WA0004-300x225.jpg 300w, https:\/\/blogs.cpnl.cat\/sarriaambgracia\/files\/2017\/12\/IMG-20171214-WA0004-768x576.jpg 768w, https:\/\/blogs.cpnl.cat\/sarriaambgracia\/files\/2017\/12\/IMG-20171214-WA0004-1024x768.jpg 1024w, https:\/\/blogs.cpnl.cat\/sarriaambgracia\/files\/2017\/12\/IMG-20171214-WA0004.jpg 1600w\" sizes=\"auto, (max-width: 214px) 100vw, 214px\" \/><\/a><\/p>\n<p>La Vil\u00b7la Joana fou una de les masies m\u00e9s importants de Vallvidrera.<sup id=\"cite_ref-3\" class=\"reference\"><\/sup> Documentada des del segle XVI, va ser adquirida al segle XIX per la fam\u00edlia Miralles, que la reform\u00e0 completament i li don\u00e0 car\u00e0cter residencial i el nom de Vil\u00b7la Joana pel qual \u00e9s coneguda. Al maig de 1902, Ramon Miralles va convidar-hi el poeta Jacint Verdaguer quan els metges van recomanar-li aire de muntanya per pal\u00b7liar els efectes de la seva avan\u00e7ada tuberculosi. El poeta va morir en aquesta finca el dia 10 de juny d&#8217;aquell any.\u00a0Actualment \u00e9s un centre muse\u00edstic depenent del Museu d&#8217;Hist\u00f2ria de Barcelona.<\/p>\n","protected":false},"excerpt":{"rendered":"<p>El grup de nivell S2 de la Teresa va visitar el dijous 14 de desembre, a les 10 h, el Museu Casa Verdaguer a Vil\u00b7la Joana. \u00a0 La Vil\u00b7la Joana fou una de les masies m\u00e9s importants de Vallvidrera. Documentada des del segle XVI, va ser adquirida al segle XIX per la fam\u00edlia Miralles, que [&hellip;]<\/p>\n","protected":false},"author":412,"featured_media":0,"comment_status":"open","ping_status":"closed","sticky":false,"template":"","format":"standard","meta":{"ngg_post_thumbnail":0,"footnotes":""},"categories":[6,77424],"tags":[],"class_list":["post-3085","post","type-post","status-publish","format-standard","hentry","category-general","category-lespai-dels-professors"],"_links":{"self":[{"href":"https:\/\/blogs.cpnl.cat\/sarriaambgracia\/index.php?rest_route=\/wp\/v2\/posts\/3085","targetHints":{"allow":["GET"]}}],"collection":[{"href":"https:\/\/blogs.cpnl.cat\/sarriaambgracia\/index.php?rest_route=\/wp\/v2\/posts"}],"about":[{"href":"https:\/\/blogs.cpnl.cat\/sarriaambgracia\/index.php?rest_route=\/wp\/v2\/types\/post"}],"author":[{"embeddable":true,"href":"https:\/\/blogs.cpnl.cat\/sarriaambgracia\/index.php?rest_route=\/wp\/v2\/users\/412"}],"replies":[{"embeddable":true,"href":"https:\/\/blogs.cpnl.cat\/sarriaambgracia\/index.php?rest_route=%2Fwp%2Fv2%2Fcomments&post=3085"}],"version-history":[{"count":0,"href":"https:\/\/blogs.cpnl.cat\/sarriaambgracia\/index.php?rest_route=\/wp\/v2\/posts\/3085\/revisions"}],"wp:attachment":[{"href":"https:\/\/blogs.cpnl.cat\/sarriaambgracia\/index.php?rest_route=%2Fwp%2Fv2%2Fmedia&parent=3085"}],"wp:term":[{"taxonomy":"category","embeddable":true,"href":"https:\/\/blogs.cpnl.cat\/sarriaambgracia\/index.php?rest_route=%2Fwp%2Fv2%2Fcategories&post=3085"},{"taxonomy":"post_tag","embeddable":true,"href":"https:\/\/blogs.cpnl.cat\/sarriaambgracia\/index.php?rest_route=%2Fwp%2Fv2%2Ftags&post=3085"}],"curies":[{"name":"wp","href":"https:\/\/api.w.org\/{rel}","templated":true}]}}