{"id":3088,"date":"2017-12-28T09:42:16","date_gmt":"2017-12-28T08:42:16","guid":{"rendered":"http:\/\/blogs.cpnl.cat\/sarriaambgracia\/?p=3088"},"modified":"2018-01-10T18:34:17","modified_gmt":"2018-01-10T17:34:17","slug":"llucia-ramis-biblioteca-jaume-fuster","status":"publish","type":"post","link":"https:\/\/blogs.cpnl.cat\/sarriaambgracia\/?p=3088","title":{"rendered":"Llucia Ramis a la Biblioteca Jaume Fuster"},"content":{"rendered":"<p>El 20 de desembre al mat\u00ed el club de lectura de la Biblioteca Jaume Fuster va comptar amb la pres\u00e8ncia de Llucia Ramis.<\/p>\n<p>L&#8217;escriptora mallorquina va fer un recorregut per la seva biografia i va parlar de la seva traject\u00f2ria com a escriptora i periodista en diversos mitjans de comunicaci\u00f3, tant r\u00e0dio com premsa escrita. Va comentar la novel\u00b7la <em>Egosurfing<\/em>, Premi Josep Pla 2010, en la qual critica i al mateix temps \u00e9s deutora de la tend\u00e8ncia a l&#8217;egolatria en la nostra societat. Va ser una xerrada molt interessant, que es va fer molt curta i va tenir una molt bona acollida per part de les persones assistents al club de lectura.<\/p>\n<p><a href=\"https:\/\/blogs.cpnl.cat\/sarriaambgracia\/files\/2018\/01\/Llucia-Ramis-9.jpg\"><img loading=\"lazy\" decoding=\"async\" class=\"alignnone wp-image-3100\" src=\"https:\/\/blogs.cpnl.cat\/sarriaambgracia\/files\/2018\/01\/Llucia-Ramis-9-300x281.jpg\" alt=\"\" width=\"180\" height=\"169\" srcset=\"https:\/\/blogs.cpnl.cat\/sarriaambgracia\/files\/2018\/01\/Llucia-Ramis-9-300x281.jpg 300w, https:\/\/blogs.cpnl.cat\/sarriaambgracia\/files\/2018\/01\/Llucia-Ramis-9.jpg 485w\" sizes=\"auto, (max-width: 180px) 100vw, 180px\" \/>\u00a0<\/a><a href=\"https:\/\/blogs.cpnl.cat\/sarriaambgracia\/files\/2018\/01\/Llucia-Ramis-4.jpg\"><img loading=\"lazy\" decoding=\"async\" class=\"alignnone wp-image-3101\" src=\"https:\/\/blogs.cpnl.cat\/sarriaambgracia\/files\/2018\/01\/Llucia-Ramis-4-300x225.jpg\" alt=\"\" width=\"223\" height=\"167\" srcset=\"https:\/\/blogs.cpnl.cat\/sarriaambgracia\/files\/2018\/01\/Llucia-Ramis-4-300x225.jpg 300w, https:\/\/blogs.cpnl.cat\/sarriaambgracia\/files\/2018\/01\/Llucia-Ramis-4.jpg 640w\" sizes=\"auto, (max-width: 223px) 100vw, 223px\" \/><\/a><\/p>\n<table class=\"taula_fitxa_noticia\" style=\"height: 11px;\" summary=\"Noticia\" width=\"5\" cellspacing=\"0\" cellpadding=\"0\">\n<tbody>\n<tr>\n<td class=\"lateral\" style=\"width: 0px;\"><\/td>\n<td class=\"cos_text11c\" style=\"width: 0px;\"><\/td>\n<\/tr>\n<\/tbody>\n<\/table>\n","protected":false},"excerpt":{"rendered":"<p>El 20 de desembre al mat\u00ed el club de lectura de la Biblioteca Jaume Fuster va comptar amb la pres\u00e8ncia de Llucia Ramis. L&#8217;escriptora mallorquina va fer un recorregut per la seva biografia i va parlar de la seva traject\u00f2ria com a escriptora i periodista en diversos mitjans de comunicaci\u00f3, tant r\u00e0dio com premsa escrita. [&hellip;]<\/p>\n","protected":false},"author":412,"featured_media":0,"comment_status":"open","ping_status":"closed","sticky":false,"template":"","format":"standard","meta":{"ngg_post_thumbnail":0,"footnotes":""},"categories":[140808,6,77424],"tags":[],"class_list":["post-3088","post","type-post","status-publish","format-standard","hentry","category-activitats-literaries-i-trobades-amb-autors","category-general","category-lespai-dels-professors"],"_links":{"self":[{"href":"https:\/\/blogs.cpnl.cat\/sarriaambgracia\/index.php?rest_route=\/wp\/v2\/posts\/3088","targetHints":{"allow":["GET"]}}],"collection":[{"href":"https:\/\/blogs.cpnl.cat\/sarriaambgracia\/index.php?rest_route=\/wp\/v2\/posts"}],"about":[{"href":"https:\/\/blogs.cpnl.cat\/sarriaambgracia\/index.php?rest_route=\/wp\/v2\/types\/post"}],"author":[{"embeddable":true,"href":"https:\/\/blogs.cpnl.cat\/sarriaambgracia\/index.php?rest_route=\/wp\/v2\/users\/412"}],"replies":[{"embeddable":true,"href":"https:\/\/blogs.cpnl.cat\/sarriaambgracia\/index.php?rest_route=%2Fwp%2Fv2%2Fcomments&post=3088"}],"version-history":[{"count":0,"href":"https:\/\/blogs.cpnl.cat\/sarriaambgracia\/index.php?rest_route=\/wp\/v2\/posts\/3088\/revisions"}],"wp:attachment":[{"href":"https:\/\/blogs.cpnl.cat\/sarriaambgracia\/index.php?rest_route=%2Fwp%2Fv2%2Fmedia&parent=3088"}],"wp:term":[{"taxonomy":"category","embeddable":true,"href":"https:\/\/blogs.cpnl.cat\/sarriaambgracia\/index.php?rest_route=%2Fwp%2Fv2%2Fcategories&post=3088"},{"taxonomy":"post_tag","embeddable":true,"href":"https:\/\/blogs.cpnl.cat\/sarriaambgracia\/index.php?rest_route=%2Fwp%2Fv2%2Ftags&post=3088"}],"curies":[{"name":"wp","href":"https:\/\/api.w.org\/{rel}","templated":true}]}}