{"id":3089,"date":"2017-12-15T10:00:53","date_gmt":"2017-12-15T09:00:53","guid":{"rendered":"http:\/\/blogs.cpnl.cat\/sarriaambgracia\/?p=3089"},"modified":"2017-12-15T11:18:29","modified_gmt":"2017-12-15T10:18:29","slug":"visita-lexposicio-puig-cadafalch","status":"publish","type":"post","link":"https:\/\/blogs.cpnl.cat\/sarriaambgracia\/?p=3089","title":{"rendered":"Visita a l&#8217;exposici\u00f3 &#8220;Puig i Cadafalch. Arquitecte de Catalunya&#8221;"},"content":{"rendered":"<p>El grup de la Rosabel de nivell B2 va assistir el 14 de desembre, a les set del vespre, a la inauguraci\u00f3 de <a href=\"http:\/\/www.mhcat.cat\/exposicions\/exposicions_en_curs\/puig_i_cadafalch\">l&#8217;exposici\u00f3 &#8220;Puig i Cadafalch. Arquitecte de Catalunya&#8221;<\/a> al Museu d&#8217;Hist\u00f2ria de Catalunya.<\/p>\n<p align=\"justify\">El 2017 ha estat designat Any Josep Puig i Cadafalch per la Generalitat de Catalunya en commemoraci\u00f3 del 150\u00e8 aniversari del seu naixement i el centenari del seu nomenament com a president de Catalunya des del govern de la Mancomunitat, primera forma d\u2019autogovern catal\u00e0 del segle XX. Dins de les celebracions de l\u2019Any s\u2019inclou aquesta exposici\u00f3, que \u00e9s fruit de la col\u00b7laboraci\u00f3 entre el Museu d\u2019Hist\u00f2ria de Catalunya i l\u2019Arxiu Nacional de Catalunya.<\/p>\n<p align=\"justify\">El t\u00edtol de l&#8217;exposici\u00f3, &#8220;Puig i Cadafalch. Arquitecte de Catalunya&#8221;, fa refer\u00e8ncia, d\u2019una banda, a la seva primera activitat professional, i, de l\u2019altra, a la seva activa participaci\u00f3 des de molts altres \u00e0mbits en la construcci\u00f3 d\u2019un pa\u00eds modern i equiparat amb les altres nacions europees. El fil conductor de l\u2019exposici\u00f3 \u00e9s la seva pr\u00f2pia biografia, de manera que en el recorregut es pot apreciar com es perfilen i combinen les diferents facetes al llarg del complex, i alhora dram\u00e0tic, per\u00edode hist\u00f2ric que va viure i que sempre va afrontar amb una gran voluntat de superaci\u00f3 i de servei p\u00fablic.<\/p>\n<p>El grup va acabar la sortida al pessebre de la pla\u00e7a de Sant Jaume.<\/p>\n<p><a href=\"https:\/\/blogs.cpnl.cat\/sarriaambgracia\/files\/2017\/12\/IMG-20171215-WA0004.jpg\"><img loading=\"lazy\" decoding=\"async\" class=\"alignnone wp-image-3090\" src=\"https:\/\/blogs.cpnl.cat\/sarriaambgracia\/files\/2017\/12\/IMG-20171215-WA0004-300x225.jpg\" alt=\"\" width=\"189\" height=\"142\" srcset=\"https:\/\/blogs.cpnl.cat\/sarriaambgracia\/files\/2017\/12\/IMG-20171215-WA0004-300x225.jpg 300w, https:\/\/blogs.cpnl.cat\/sarriaambgracia\/files\/2017\/12\/IMG-20171215-WA0004-768x576.jpg 768w, https:\/\/blogs.cpnl.cat\/sarriaambgracia\/files\/2017\/12\/IMG-20171215-WA0004-1024x768.jpg 1024w, https:\/\/blogs.cpnl.cat\/sarriaambgracia\/files\/2017\/12\/IMG-20171215-WA0004.jpg 1600w\" sizes=\"auto, (max-width: 189px) 100vw, 189px\" \/>\u00a0<\/a><a href=\"https:\/\/blogs.cpnl.cat\/sarriaambgracia\/files\/2017\/12\/IMG-20171215-WA0003.jpg\"><img loading=\"lazy\" decoding=\"async\" class=\"alignnone wp-image-3091\" src=\"https:\/\/blogs.cpnl.cat\/sarriaambgracia\/files\/2017\/12\/IMG-20171215-WA0003-300x225.jpg\" alt=\"\" width=\"190\" height=\"142\" srcset=\"https:\/\/blogs.cpnl.cat\/sarriaambgracia\/files\/2017\/12\/IMG-20171215-WA0003-300x225.jpg 300w, https:\/\/blogs.cpnl.cat\/sarriaambgracia\/files\/2017\/12\/IMG-20171215-WA0003-768x576.jpg 768w, https:\/\/blogs.cpnl.cat\/sarriaambgracia\/files\/2017\/12\/IMG-20171215-WA0003.jpg 1024w\" sizes=\"auto, (max-width: 190px) 100vw, 190px\" \/><\/a><\/p>\n","protected":false},"excerpt":{"rendered":"<p>El grup de la Rosabel de nivell B2 va assistir el 14 de desembre, a les set del vespre, a la inauguraci\u00f3 de l&#8217;exposici\u00f3 &#8220;Puig i Cadafalch. Arquitecte de Catalunya&#8221; al Museu d&#8217;Hist\u00f2ria de Catalunya. El 2017 ha estat designat Any Josep Puig i Cadafalch per la Generalitat de Catalunya en commemoraci\u00f3 del 150\u00e8 aniversari [&hellip;]<\/p>\n","protected":false},"author":412,"featured_media":0,"comment_status":"open","ping_status":"closed","sticky":false,"template":"","format":"standard","meta":{"ngg_post_thumbnail":0,"footnotes":""},"categories":[40148,6,77424],"tags":[],"class_list":["post-3089","post","type-post","status-publish","format-standard","hentry","category-exposicions","category-general","category-lespai-dels-professors"],"_links":{"self":[{"href":"https:\/\/blogs.cpnl.cat\/sarriaambgracia\/index.php?rest_route=\/wp\/v2\/posts\/3089","targetHints":{"allow":["GET"]}}],"collection":[{"href":"https:\/\/blogs.cpnl.cat\/sarriaambgracia\/index.php?rest_route=\/wp\/v2\/posts"}],"about":[{"href":"https:\/\/blogs.cpnl.cat\/sarriaambgracia\/index.php?rest_route=\/wp\/v2\/types\/post"}],"author":[{"embeddable":true,"href":"https:\/\/blogs.cpnl.cat\/sarriaambgracia\/index.php?rest_route=\/wp\/v2\/users\/412"}],"replies":[{"embeddable":true,"href":"https:\/\/blogs.cpnl.cat\/sarriaambgracia\/index.php?rest_route=%2Fwp%2Fv2%2Fcomments&post=3089"}],"version-history":[{"count":0,"href":"https:\/\/blogs.cpnl.cat\/sarriaambgracia\/index.php?rest_route=\/wp\/v2\/posts\/3089\/revisions"}],"wp:attachment":[{"href":"https:\/\/blogs.cpnl.cat\/sarriaambgracia\/index.php?rest_route=%2Fwp%2Fv2%2Fmedia&parent=3089"}],"wp:term":[{"taxonomy":"category","embeddable":true,"href":"https:\/\/blogs.cpnl.cat\/sarriaambgracia\/index.php?rest_route=%2Fwp%2Fv2%2Fcategories&post=3089"},{"taxonomy":"post_tag","embeddable":true,"href":"https:\/\/blogs.cpnl.cat\/sarriaambgracia\/index.php?rest_route=%2Fwp%2Fv2%2Ftags&post=3089"}],"curies":[{"name":"wp","href":"https:\/\/api.w.org\/{rel}","templated":true}]}}