{"id":3097,"date":"2018-01-02T09:30:50","date_gmt":"2018-01-02T08:30:50","guid":{"rendered":"http:\/\/blogs.cpnl.cat\/sarriaambgracia\/?p=3097"},"modified":"2018-01-08T09:49:09","modified_gmt":"2018-01-08T08:49:09","slug":"nou-curs-semipresencial-obtenir-nivell-basic-catala","status":"publish","type":"post","link":"https:\/\/blogs.cpnl.cat\/sarriaambgracia\/?p=3097","title":{"rendered":"Nou curs semipresencial per obtenir el nivell b\u00e0sic de catal\u00e0"},"content":{"rendered":"<table class=\"taula_fitxa_noticia\" summary=\"Noticia\" cellspacing=\"0\" cellpadding=\"0\">\n<tbody>\n<tr>\n<td class=\"lateral\"><\/td>\n<td class=\"cos_text11c\">Els <a href=\"http:\/\/www.cpnl.cat\/xarxa\/cnlbarcelona\/ensenyament\/semipresencials.html\">cursos semipresencials intensius<\/a> combinen\u00a0les classes presencials en horari regular amb professor i grup\u00a0i el treball individual amb material en l\u00ednia. En un sol curs, s&#8217;hi\u00a0fan\u00a0de manera intensiva tres m\u00f2duls amb l&#8217;objectiu\u00a0d&#8217;obtenir\u00a0un\u00a0certificat oficial de catal\u00e0 a partir d&#8217;una prova final homologada.<\/p>\n<p>El <strong>curs BB<\/strong> \u00e9s una novetat en aquest sentit, ja que \u00e9s la primera vegada que es planifica\u00a0un curs que contingui\u00a0els tres m\u00f2duls\u00a0B\u00e0sic 1, B\u00e0sic 2 i B\u00e0sic 3. Al final del curs es fa\u00a0un examen per obtenir el certificat oficial A2 de catal\u00e0, equivalent al Marc europeu com\u00fa de refer\u00e8ncia (MECR). De moment, n&#8217;hi ha un de programat, de febrer a juny, organitzat per la Delegaci\u00f3 de Sants-Montju\u00efc del CNL de Barcelona.<\/p>\n<p>A m\u00e9s del BB, tamb\u00e9 hi ha programats cursos <strong>II <\/strong>(Intermedi 1, Intermedi 2 i Intermedi 3) i <strong>SS <\/strong>(Sufici\u00e8ncia 1, Sufici\u00e8ncia 2 i Sufici\u00e8ncia 3), amb els quals es pot obtenir el certificat B2 i C1 de catal\u00e0 del MECR. Podeu consultar-ne l&#8217;oferta en el nostre <a href=\"http:\/\/www.cpnl.cat\/cursos-catala\/cercador-cursos\/\">Cercador de cursos<\/a>.<\/p>\n<p>Us hi podeu inscriure a qualsevol de les nostres delegacions.<\/td>\n<\/tr>\n<\/tbody>\n<\/table>\n<p><a href=\"http:\/\/www.cpnl.cat\/xarxa\/cnlbarcelona\/ensenyament\/semipresencials.html\">D\u00edptic informatiu dels cursos semipresencials intensius<\/a><\/p>\n","protected":false},"excerpt":{"rendered":"<p>Els cursos semipresencials intensius combinen\u00a0les classes presencials en horari regular amb professor i grup\u00a0i el treball individual amb material en l\u00ednia. En un sol curs, s&#8217;hi\u00a0fan\u00a0de manera intensiva tres m\u00f2duls amb l&#8217;objectiu\u00a0d&#8217;obtenir\u00a0un\u00a0certificat oficial de catal\u00e0 a partir d&#8217;una prova final homologada. El curs BB \u00e9s una novetat en aquest sentit, ja que \u00e9s la primera [&hellip;]<\/p>\n","protected":false},"author":412,"featured_media":0,"comment_status":"open","ping_status":"closed","sticky":false,"template":"","format":"standard","meta":{"ngg_post_thumbnail":0,"footnotes":""},"categories":[6,77424],"tags":[],"class_list":["post-3097","post","type-post","status-publish","format-standard","hentry","category-general","category-lespai-dels-professors"],"_links":{"self":[{"href":"https:\/\/blogs.cpnl.cat\/sarriaambgracia\/index.php?rest_route=\/wp\/v2\/posts\/3097","targetHints":{"allow":["GET"]}}],"collection":[{"href":"https:\/\/blogs.cpnl.cat\/sarriaambgracia\/index.php?rest_route=\/wp\/v2\/posts"}],"about":[{"href":"https:\/\/blogs.cpnl.cat\/sarriaambgracia\/index.php?rest_route=\/wp\/v2\/types\/post"}],"author":[{"embeddable":true,"href":"https:\/\/blogs.cpnl.cat\/sarriaambgracia\/index.php?rest_route=\/wp\/v2\/users\/412"}],"replies":[{"embeddable":true,"href":"https:\/\/blogs.cpnl.cat\/sarriaambgracia\/index.php?rest_route=%2Fwp%2Fv2%2Fcomments&post=3097"}],"version-history":[{"count":0,"href":"https:\/\/blogs.cpnl.cat\/sarriaambgracia\/index.php?rest_route=\/wp\/v2\/posts\/3097\/revisions"}],"wp:attachment":[{"href":"https:\/\/blogs.cpnl.cat\/sarriaambgracia\/index.php?rest_route=%2Fwp%2Fv2%2Fmedia&parent=3097"}],"wp:term":[{"taxonomy":"category","embeddable":true,"href":"https:\/\/blogs.cpnl.cat\/sarriaambgracia\/index.php?rest_route=%2Fwp%2Fv2%2Fcategories&post=3097"},{"taxonomy":"post_tag","embeddable":true,"href":"https:\/\/blogs.cpnl.cat\/sarriaambgracia\/index.php?rest_route=%2Fwp%2Fv2%2Ftags&post=3097"}],"curies":[{"name":"wp","href":"https:\/\/api.w.org\/{rel}","templated":true}]}}