{"id":3104,"date":"2018-01-10T13:48:31","date_gmt":"2018-01-10T12:48:31","guid":{"rendered":"http:\/\/blogs.cpnl.cat\/sarriaambgracia\/?p=3104"},"modified":"2018-01-10T19:29:31","modified_gmt":"2018-01-10T18:29:31","slug":"presentacio-nova-edicio-festival-folk-tradicionarius","status":"publish","type":"post","link":"https:\/\/blogs.cpnl.cat\/sarriaambgracia\/?p=3104","title":{"rendered":"Arriba la XXXI edici\u00f3 del Festival Folk Internacional Tradicion\u00e0rius"},"content":{"rendered":"<p><img loading=\"lazy\" decoding=\"async\" class=\"aligncenter\" src=\"https:\/\/gallery.mailchimp.com\/5561472cf131ee3fc1dc12b58\/images\/d81f04a9-a594-47fc-b99d-87b4e3b04710.jpg\" width=\"283\" height=\"141\" data-imagetype=\"External\" \/><\/p>\n<p>Com cada any, els alumnes de la Delegaci\u00f3 de Gr\u00e0cia i Sarri\u00e0-Sant Gervasi aprofitaran el festival per con\u00e8ixer de prop la cultura musical catalana. Un any m\u00e9s, torna el Festival Folk Internacional Tradicion\u00e0rius per celebrar la seva 31a edici\u00f3, del 12 de gener al 23 de mar\u00e7.<\/p>\n<p>El CNL de Barcelona \u00e9s una de les entitats col\u00b7laboradores de l&#8217;esdeveniment i aquest 2018 tornar\u00e0 a treballar per difondre&#8217;l i apropar-lo als alumnes dels cursos de catal\u00e0 que, d&#8217;aquesta manera, tenen l&#8217;oportunitat de con\u00e8ixer un vessant que els \u00e9s desconegut de la cultura musical del territori.<\/p>\n<p>Gr\u00e0cies a la col\u00b7laboraci\u00f3 existent entre les dues organitzacions, els alumnes i els participants del Voluntariat per la llengua del CNL de Barcelona tenen sempre un 20% de descompte en els concerts del Tradicion\u00e0rius.<\/p>\n<p>El Tradicion\u00e0rius ha preparat un cartell de luxe amb propostes per a tots els p\u00fablics, amb una gran part de concerts amb m\u00fasics dels territoris de parla catalana i tamb\u00e9 d&#8217;altres indrets, com Gal\u00edcia o el Pa\u00eds Basc.\u00a0A m\u00e9s dels concerts, el festival organitza tamb\u00e9 l&#8217;exposici\u00f3 &#8220;Peret Blanc de Beget&#8221;, dedicada al m\u00fasic Pere Sala i Sol\u00e9, que ja es pot visitar al Centre Artes\u00e0 Tradicion\u00e0rius. Tamb\u00e9 durant el festival tindran lloc altres activitats ja consolidades com &#8220;Les Vespres dels dimecres&#8221;, un di\u00e0leg entre trios de m\u00fasics i el p\u00fablic, i les passejades pels mercats de Gr\u00e0cia amb &#8220;Folk als Mercats&#8221;.<\/p>\n<p>El festival s&#8217;inaugurar\u00e0 el proper divendres, 12 de gener, amb un concert de Quico el C\u00e9lio, el Noi i el Mut de Ferreries, amb el qual aquest grup m\u00edtic de les Terres de l&#8217;Ebre amb traject\u00f2ria arrelada a la tradici\u00f3 folkl\u00f2rica del pa\u00eds commemorar\u00e0 tamb\u00e9 el seu 25\u00e8 aniversari.<\/p>\n","protected":false},"excerpt":{"rendered":"<p>Com cada any, els alumnes de la Delegaci\u00f3 de Gr\u00e0cia i Sarri\u00e0-Sant Gervasi aprofitaran el festival per con\u00e8ixer de prop la cultura musical catalana. Un any m\u00e9s, torna el Festival Folk Internacional Tradicion\u00e0rius per celebrar la seva 31a edici\u00f3, del 12 de gener al 23 de mar\u00e7. El CNL de Barcelona \u00e9s una de les [&hellip;]<\/p>\n","protected":false},"author":412,"featured_media":0,"comment_status":"open","ping_status":"closed","sticky":false,"template":"","format":"standard","meta":{"ngg_post_thumbnail":0,"footnotes":""},"categories":[6,77424],"tags":[],"class_list":["post-3104","post","type-post","status-publish","format-standard","hentry","category-general","category-lespai-dels-professors"],"_links":{"self":[{"href":"https:\/\/blogs.cpnl.cat\/sarriaambgracia\/index.php?rest_route=\/wp\/v2\/posts\/3104","targetHints":{"allow":["GET"]}}],"collection":[{"href":"https:\/\/blogs.cpnl.cat\/sarriaambgracia\/index.php?rest_route=\/wp\/v2\/posts"}],"about":[{"href":"https:\/\/blogs.cpnl.cat\/sarriaambgracia\/index.php?rest_route=\/wp\/v2\/types\/post"}],"author":[{"embeddable":true,"href":"https:\/\/blogs.cpnl.cat\/sarriaambgracia\/index.php?rest_route=\/wp\/v2\/users\/412"}],"replies":[{"embeddable":true,"href":"https:\/\/blogs.cpnl.cat\/sarriaambgracia\/index.php?rest_route=%2Fwp%2Fv2%2Fcomments&post=3104"}],"version-history":[{"count":0,"href":"https:\/\/blogs.cpnl.cat\/sarriaambgracia\/index.php?rest_route=\/wp\/v2\/posts\/3104\/revisions"}],"wp:attachment":[{"href":"https:\/\/blogs.cpnl.cat\/sarriaambgracia\/index.php?rest_route=%2Fwp%2Fv2%2Fmedia&parent=3104"}],"wp:term":[{"taxonomy":"category","embeddable":true,"href":"https:\/\/blogs.cpnl.cat\/sarriaambgracia\/index.php?rest_route=%2Fwp%2Fv2%2Fcategories&post=3104"},{"taxonomy":"post_tag","embeddable":true,"href":"https:\/\/blogs.cpnl.cat\/sarriaambgracia\/index.php?rest_route=%2Fwp%2Fv2%2Ftags&post=3104"}],"curies":[{"name":"wp","href":"https:\/\/api.w.org\/{rel}","templated":true}]}}