{"id":3108,"date":"2018-01-12T09:38:18","date_gmt":"2018-01-12T08:38:18","guid":{"rendered":"http:\/\/blogs.cpnl.cat\/sarriaambgracia\/?p=3108"},"modified":"2018-01-12T09:38:18","modified_gmt":"2018-01-12T08:38:18","slug":"visita-museu-cultures","status":"publish","type":"post","link":"https:\/\/blogs.cpnl.cat\/sarriaambgracia\/?p=3108","title":{"rendered":"Visita al Museu de les Cultures"},"content":{"rendered":"<p>L&#8217;11 de gener el grup de l&#8217;E2 de la Cristina L\u00f3pez va fer una visita guiada de dues hores al Museu de les Cultures.<\/p>\n<p>El Museu de les Cultures \u00e9s un museu especialitzat en la hist\u00f2ria de diverses cultures d&#8217;arreu del m\u00f3n ubicat al carrer Montcada de Barcelona. Es va inaugurar a principis de 2015. S&#8217;hi exhibeixen les col\u00b7leccions no occidentals del Museu Etnol\u00f2gic de Barcelona i la Col\u00b7lecci\u00f3 Folch, aix\u00ed com peces provinents d&#8217;altres fons privats.<\/p>\n<p><a href=\"https:\/\/blogs.cpnl.cat\/sarriaambgracia\/files\/2018\/01\/IMG-20180111-WA0001.jpg\"><img loading=\"lazy\" decoding=\"async\" class=\"alignnone wp-image-3109\" src=\"https:\/\/blogs.cpnl.cat\/sarriaambgracia\/files\/2018\/01\/IMG-20180111-WA0001-300x225.jpg\" alt=\"\" width=\"199\" height=\"149\" srcset=\"https:\/\/blogs.cpnl.cat\/sarriaambgracia\/files\/2018\/01\/IMG-20180111-WA0001-300x225.jpg 300w, https:\/\/blogs.cpnl.cat\/sarriaambgracia\/files\/2018\/01\/IMG-20180111-WA0001-768x576.jpg 768w, https:\/\/blogs.cpnl.cat\/sarriaambgracia\/files\/2018\/01\/IMG-20180111-WA0001-1024x768.jpg 1024w, https:\/\/blogs.cpnl.cat\/sarriaambgracia\/files\/2018\/01\/IMG-20180111-WA0001.jpg 1600w\" sizes=\"auto, (max-width: 199px) 100vw, 199px\" \/><\/a> <a href=\"https:\/\/blogs.cpnl.cat\/sarriaambgracia\/files\/2018\/01\/IMG-20180111-WA0000.jpg\"><img loading=\"lazy\" decoding=\"async\" class=\"alignnone wp-image-3110\" src=\"https:\/\/blogs.cpnl.cat\/sarriaambgracia\/files\/2018\/01\/IMG-20180111-WA0000-300x225.jpg\" alt=\"\" width=\"200\" height=\"150\" srcset=\"https:\/\/blogs.cpnl.cat\/sarriaambgracia\/files\/2018\/01\/IMG-20180111-WA0000-300x225.jpg 300w, https:\/\/blogs.cpnl.cat\/sarriaambgracia\/files\/2018\/01\/IMG-20180111-WA0000-768x576.jpg 768w, https:\/\/blogs.cpnl.cat\/sarriaambgracia\/files\/2018\/01\/IMG-20180111-WA0000-1024x768.jpg 1024w, https:\/\/blogs.cpnl.cat\/sarriaambgracia\/files\/2018\/01\/IMG-20180111-WA0000.jpg 1600w\" sizes=\"auto, (max-width: 200px) 100vw, 200px\" \/><\/a><\/p>\n","protected":false},"excerpt":{"rendered":"<p>L&#8217;11 de gener el grup de l&#8217;E2 de la Cristina L\u00f3pez va fer una visita guiada de dues hores al Museu de les Cultures. El Museu de les Cultures \u00e9s un museu especialitzat en la hist\u00f2ria de diverses cultures d&#8217;arreu del m\u00f3n ubicat al carrer Montcada de Barcelona. Es va inaugurar a principis de 2015. [&hellip;]<\/p>\n","protected":false},"author":412,"featured_media":0,"comment_status":"open","ping_status":"closed","sticky":false,"template":"","format":"standard","meta":{"ngg_post_thumbnail":0,"footnotes":""},"categories":[6],"tags":[],"class_list":["post-3108","post","type-post","status-publish","format-standard","hentry","category-general"],"_links":{"self":[{"href":"https:\/\/blogs.cpnl.cat\/sarriaambgracia\/index.php?rest_route=\/wp\/v2\/posts\/3108","targetHints":{"allow":["GET"]}}],"collection":[{"href":"https:\/\/blogs.cpnl.cat\/sarriaambgracia\/index.php?rest_route=\/wp\/v2\/posts"}],"about":[{"href":"https:\/\/blogs.cpnl.cat\/sarriaambgracia\/index.php?rest_route=\/wp\/v2\/types\/post"}],"author":[{"embeddable":true,"href":"https:\/\/blogs.cpnl.cat\/sarriaambgracia\/index.php?rest_route=\/wp\/v2\/users\/412"}],"replies":[{"embeddable":true,"href":"https:\/\/blogs.cpnl.cat\/sarriaambgracia\/index.php?rest_route=%2Fwp%2Fv2%2Fcomments&post=3108"}],"version-history":[{"count":0,"href":"https:\/\/blogs.cpnl.cat\/sarriaambgracia\/index.php?rest_route=\/wp\/v2\/posts\/3108\/revisions"}],"wp:attachment":[{"href":"https:\/\/blogs.cpnl.cat\/sarriaambgracia\/index.php?rest_route=%2Fwp%2Fv2%2Fmedia&parent=3108"}],"wp:term":[{"taxonomy":"category","embeddable":true,"href":"https:\/\/blogs.cpnl.cat\/sarriaambgracia\/index.php?rest_route=%2Fwp%2Fv2%2Fcategories&post=3108"},{"taxonomy":"post_tag","embeddable":true,"href":"https:\/\/blogs.cpnl.cat\/sarriaambgracia\/index.php?rest_route=%2Fwp%2Fv2%2Ftags&post=3108"}],"curies":[{"name":"wp","href":"https:\/\/api.w.org\/{rel}","templated":true}]}}