{"id":3115,"date":"2018-01-23T14:49:03","date_gmt":"2018-01-23T13:49:03","guid":{"rendered":"http:\/\/blogs.cpnl.cat\/sarriaambgracia\/?p=3115"},"modified":"2019-05-22T12:37:22","modified_gmt":"2019-05-22T11:37:22","slug":"lalumnat-festa-dels-foguerons-gracia","status":"publish","type":"post","link":"https:\/\/blogs.cpnl.cat\/sarriaambgracia\/?p=3115","title":{"rendered":"L&#8217;alumnat a la Festa dels Foguerons de Gr\u00e0cia"},"content":{"rendered":"<p>El grup de nivell b\u00e0sic que s&#8217;imparteix els dissabtes a l&#8217;Asociaci\u00f3n de Mujeres Migrantes Diversas participar\u00e0 a la festa dels Foguerons de Sant Antoni de Sa Pobla a Gr\u00e0cia, a fi de con\u00e8ixer una de les festes m\u00e9s arrelades a la Vila.<\/p>\n<p>Despr\u00e9s de classe recorreran les diferents places en les quals es fan les diferents activitats. Comen\u00e7ar\u00e0 \u00a0a les 19.30 h la cercavila a la pla\u00e7a de la Vila de Gr\u00e0cia fins a la pla\u00e7a de la Virreina, on s&#8217;encendran els foguerons i podran seguir la revetlla amb les ximbombes i els glosadors de sa Pobla. Finalment, acabaran la festa a la pla\u00e7a del Diamant amb can\u00e7ons i gloses del Cor de Carxofa de Catalunya.<\/p>\n<p><a href=\"http:\/\/www.sortimbcn.cat\/agenda\/altres\/foguerons-de-sa-pobla-a-gracia-2018\/\">http:\/\/www.sortimbcn.cat\/agenda\/altres\/foguerons-de-sa-pobla-a-gracia-2018\/<\/a><\/p>\n<p><img loading=\"lazy\" decoding=\"async\" class=\"alignnone wp-image-27696\" src=\"http:\/\/www.sortimbcn.cat\/wp-content\/uploads\/2018\/01\/foguerons_de_sa_pobla_a_gracia_2018.jpg\" alt=\"foguerons_de_sa_pobla_a_gracia_2018\" width=\"270\" height=\"240\" \/><\/p>\n<p>&nbsp;<\/p>\n","protected":false},"excerpt":{"rendered":"<p>El grup de nivell b\u00e0sic que s&#8217;imparteix els dissabtes a l&#8217;Asociaci\u00f3n de Mujeres Migrantes Diversas participar\u00e0 a la festa dels Foguerons de Sant Antoni de Sa Pobla a Gr\u00e0cia, a fi de con\u00e8ixer una de les festes m\u00e9s arrelades a la Vila. Despr\u00e9s de classe recorreran les diferents places en les quals es fan les [&hellip;]<\/p>\n","protected":false},"author":412,"featured_media":0,"comment_status":"open","ping_status":"closed","sticky":false,"template":"","format":"standard","meta":{"ngg_post_thumbnail":0,"footnotes":""},"categories":[6,77424],"tags":[],"class_list":["post-3115","post","type-post","status-publish","format-standard","hentry","category-general","category-lespai-dels-professors"],"_links":{"self":[{"href":"https:\/\/blogs.cpnl.cat\/sarriaambgracia\/index.php?rest_route=\/wp\/v2\/posts\/3115","targetHints":{"allow":["GET"]}}],"collection":[{"href":"https:\/\/blogs.cpnl.cat\/sarriaambgracia\/index.php?rest_route=\/wp\/v2\/posts"}],"about":[{"href":"https:\/\/blogs.cpnl.cat\/sarriaambgracia\/index.php?rest_route=\/wp\/v2\/types\/post"}],"author":[{"embeddable":true,"href":"https:\/\/blogs.cpnl.cat\/sarriaambgracia\/index.php?rest_route=\/wp\/v2\/users\/412"}],"replies":[{"embeddable":true,"href":"https:\/\/blogs.cpnl.cat\/sarriaambgracia\/index.php?rest_route=%2Fwp%2Fv2%2Fcomments&post=3115"}],"version-history":[{"count":0,"href":"https:\/\/blogs.cpnl.cat\/sarriaambgracia\/index.php?rest_route=\/wp\/v2\/posts\/3115\/revisions"}],"wp:attachment":[{"href":"https:\/\/blogs.cpnl.cat\/sarriaambgracia\/index.php?rest_route=%2Fwp%2Fv2%2Fmedia&parent=3115"}],"wp:term":[{"taxonomy":"category","embeddable":true,"href":"https:\/\/blogs.cpnl.cat\/sarriaambgracia\/index.php?rest_route=%2Fwp%2Fv2%2Fcategories&post=3115"},{"taxonomy":"post_tag","embeddable":true,"href":"https:\/\/blogs.cpnl.cat\/sarriaambgracia\/index.php?rest_route=%2Fwp%2Fv2%2Ftags&post=3115"}],"curies":[{"name":"wp","href":"https:\/\/api.w.org\/{rel}","templated":true}]}}