{"id":3121,"date":"2018-01-18T13:12:56","date_gmt":"2018-01-18T12:12:56","guid":{"rendered":"http:\/\/blogs.cpnl.cat\/sarriaambgracia\/?p=3121"},"modified":"2018-01-18T13:12:56","modified_gmt":"2018-01-18T12:12:56","slug":"ruta-pompeu-fabra","status":"publish","type":"post","link":"https:\/\/blogs.cpnl.cat\/sarriaambgracia\/?p=3121","title":{"rendered":"Ruta Pompeu Fabra"},"content":{"rendered":"<p>El 18 de gener al mat\u00ed el grup de l&#8217;Elvira de Can Cardener va fer la ruta Pompeu Fabra.<\/p>\n<p>Es tracta d&#8217;una ruta cultural, a peu, entorn dels episodis m\u00e9s rellevants de la vida i l\u2019obra de Pompeu Fabra. Aquesta ruta t\u00e9 set parades relacionades amb la inf\u00e0ncia, els estudis i el lleure del Mestre, aix\u00ed com la seva relaci\u00f3 amb L\u2019Aven\u00e7, l\u2019Ateneu, el Centre Excursionista de Catalunya i l\u2019Institut d\u2019Estudis Catalans. Van dur a terme l\u2019itinerari de les set parades esmentades, amb explicacions i lectura de textos. La durada de l\u2019activitat va ser de dues hores aproximadament.<\/p>\n<p>Per a m\u00e9s informaci\u00f3: <a href=\"http:\/\/www.rutapompeufabra.com\/que-es-la-ruta-pompeu-fabra\/\">http:\/\/www.rutapompeufabra.com\/que-es-la-ruta-pompeu-fabra\/<\/a><\/p>\n<p><a href=\"https:\/\/blogs.cpnl.cat\/sarriaambgracia\/files\/2018\/01\/20180118_124800.jpg\"><img loading=\"lazy\" decoding=\"async\" class=\"alignnone wp-image-3123\" src=\"https:\/\/blogs.cpnl.cat\/sarriaambgracia\/files\/2018\/01\/20180118_124800-300x180.jpg\" alt=\"\" width=\"247\" height=\"148\" srcset=\"https:\/\/blogs.cpnl.cat\/sarriaambgracia\/files\/2018\/01\/20180118_124800-300x180.jpg 300w, https:\/\/blogs.cpnl.cat\/sarriaambgracia\/files\/2018\/01\/20180118_124800-768x461.jpg 768w, https:\/\/blogs.cpnl.cat\/sarriaambgracia\/files\/2018\/01\/20180118_124800-1024x614.jpg 1024w\" sizes=\"auto, (max-width: 247px) 100vw, 247px\" \/><\/a><a href=\"https:\/\/blogs.cpnl.cat\/sarriaambgracia\/files\/2018\/01\/IMG-20180118-WA0002.jpg\">\u00a0<\/a><a href=\"https:\/\/blogs.cpnl.cat\/sarriaambgracia\/files\/2018\/01\/IMG-20180118-WA0002.jpg\"><img loading=\"lazy\" decoding=\"async\" class=\"alignnone wp-image-3122\" src=\"https:\/\/blogs.cpnl.cat\/sarriaambgracia\/files\/2018\/01\/IMG-20180118-WA0002-300x180.jpg\" alt=\"\" width=\"248\" height=\"149\" srcset=\"https:\/\/blogs.cpnl.cat\/sarriaambgracia\/files\/2018\/01\/IMG-20180118-WA0002-300x180.jpg 300w, https:\/\/blogs.cpnl.cat\/sarriaambgracia\/files\/2018\/01\/IMG-20180118-WA0002-768x461.jpg 768w, https:\/\/blogs.cpnl.cat\/sarriaambgracia\/files\/2018\/01\/IMG-20180118-WA0002-1024x614.jpg 1024w, https:\/\/blogs.cpnl.cat\/sarriaambgracia\/files\/2018\/01\/IMG-20180118-WA0002.jpg 1600w\" sizes=\"auto, (max-width: 248px) 100vw, 248px\" \/><\/a><\/p>\n<p>&nbsp;<\/p>\n<p>&nbsp;<\/p>\n","protected":false},"excerpt":{"rendered":"<p>El 18 de gener al mat\u00ed el grup de l&#8217;Elvira de Can Cardener va fer la ruta Pompeu Fabra. Es tracta d&#8217;una ruta cultural, a peu, entorn dels episodis m\u00e9s rellevants de la vida i l\u2019obra de Pompeu Fabra. Aquesta ruta t\u00e9 set parades relacionades amb la inf\u00e0ncia, els estudis i el lleure del Mestre, [&hellip;]<\/p>\n","protected":false},"author":412,"featured_media":0,"comment_status":"open","ping_status":"closed","sticky":false,"template":"","format":"standard","meta":{"ngg_post_thumbnail":0,"footnotes":""},"categories":[140808,6],"tags":[],"class_list":["post-3121","post","type-post","status-publish","format-standard","hentry","category-activitats-literaries-i-trobades-amb-autors","category-general"],"_links":{"self":[{"href":"https:\/\/blogs.cpnl.cat\/sarriaambgracia\/index.php?rest_route=\/wp\/v2\/posts\/3121","targetHints":{"allow":["GET"]}}],"collection":[{"href":"https:\/\/blogs.cpnl.cat\/sarriaambgracia\/index.php?rest_route=\/wp\/v2\/posts"}],"about":[{"href":"https:\/\/blogs.cpnl.cat\/sarriaambgracia\/index.php?rest_route=\/wp\/v2\/types\/post"}],"author":[{"embeddable":true,"href":"https:\/\/blogs.cpnl.cat\/sarriaambgracia\/index.php?rest_route=\/wp\/v2\/users\/412"}],"replies":[{"embeddable":true,"href":"https:\/\/blogs.cpnl.cat\/sarriaambgracia\/index.php?rest_route=%2Fwp%2Fv2%2Fcomments&post=3121"}],"version-history":[{"count":0,"href":"https:\/\/blogs.cpnl.cat\/sarriaambgracia\/index.php?rest_route=\/wp\/v2\/posts\/3121\/revisions"}],"wp:attachment":[{"href":"https:\/\/blogs.cpnl.cat\/sarriaambgracia\/index.php?rest_route=%2Fwp%2Fv2%2Fmedia&parent=3121"}],"wp:term":[{"taxonomy":"category","embeddable":true,"href":"https:\/\/blogs.cpnl.cat\/sarriaambgracia\/index.php?rest_route=%2Fwp%2Fv2%2Fcategories&post=3121"},{"taxonomy":"post_tag","embeddable":true,"href":"https:\/\/blogs.cpnl.cat\/sarriaambgracia\/index.php?rest_route=%2Fwp%2Fv2%2Ftags&post=3121"}],"curies":[{"name":"wp","href":"https:\/\/api.w.org\/{rel}","templated":true}]}}