{"id":3124,"date":"2018-02-13T09:30:22","date_gmt":"2018-02-13T08:30:22","guid":{"rendered":"http:\/\/blogs.cpnl.cat\/sarriaambgracia\/?p=3124"},"modified":"2018-02-14T09:55:01","modified_gmt":"2018-02-14T08:55:01","slug":"parlem-david-montserrat","status":"publish","type":"post","link":"https:\/\/blogs.cpnl.cat\/sarriaambgracia\/?p=3124","title":{"rendered":"Parlem amb David de Montserrat"},"content":{"rendered":"<p>El dia <strong>1<\/strong>\u00a0<strong>de mar\u00e7 a les 10 h<\/strong> tindr\u00e0 lloc una xerrada amb David de Montserrat a Can Cardener organitzada pel CNL de Barcelona, delegaci\u00f3 de Gr\u00e0cia i Sarri\u00e0-Sant Gervasi. Ens parlar\u00e0 de la seva traject\u00f2ria com a periodista i escriptor, de la novel\u00b7la <em>Lliures o morts<\/em> i de la biografia que publicar\u00e0 el mes de maig.<\/p>\n<p>David de Montserrat \u00e9s periodista, va ser redactor de l&#8217;Ag\u00e8ncia Catalana de Not\u00edcies<span style=\"color: #000000;\">\u00a0i membre del Grup de Periodistes Digitals. Va treballar a la secretaria de Telecomunicacions i Societat de la Informaci\u00f3 quan va prosperar la candidatura del domini.cat. Va participar en la creaci\u00f3 del programa de catalanitzaci\u00f3 de tel\u00e8fons m\u00f2bils Elteum\u00f2bil.cat i va promoure la campanya &#8220;Catalan, a business opportunity&#8221;. \u00c9s autor, amb el tamb\u00e9 periodista Jaume Clotet, de la novel\u00b7la <em>Lliures o morts, <\/em>que descobreix l&#8217;heroi oblidat del 1714.<\/span><\/p>\n<p><a href=\"https:\/\/blogs.cpnl.cat\/sarriaambgracia\/files\/2018\/02\/Trobada-David-de-Montserrat-mar\u00e7-2018.pdf\">Trobada David de Montserrat mar\u00e7 2018<\/a><\/p>\n<p><a href=\"https:\/\/banderesnegres.webnode.com\/\">Lliures o morts<\/a><\/p>\n<p><a href=\"https:\/\/twitter.com\/dmontserratnono?lang=ca\">Twitter.dmontserratnono<\/a><\/p>\n<p><img loading=\"lazy\" decoding=\"async\" class=\"irc_mi\" src=\"https:\/\/www.grup62.cat\/usuaris\/autores\/fotos\/56\/original\/000055438_1_David_de_Montserrat.jpg\" alt=\"Resultat d'imatges de david de montserrat\" width=\"171\" height=\"200\" \/><\/p>\n","protected":false},"excerpt":{"rendered":"<p>El dia 1\u00a0de mar\u00e7 a les 10 h tindr\u00e0 lloc una xerrada amb David de Montserrat a Can Cardener organitzada pel CNL de Barcelona, delegaci\u00f3 de Gr\u00e0cia i Sarri\u00e0-Sant Gervasi. Ens parlar\u00e0 de la seva traject\u00f2ria com a periodista i escriptor, de la novel\u00b7la Lliures o morts i de la biografia que publicar\u00e0 el mes [&hellip;]<\/p>\n","protected":false},"author":412,"featured_media":0,"comment_status":"open","ping_status":"closed","sticky":false,"template":"","format":"standard","meta":{"ngg_post_thumbnail":0,"footnotes":""},"categories":[140808,141011,6,77424],"tags":[],"class_list":["post-3124","post","type-post","status-publish","format-standard","hentry","category-activitats-literaries-i-trobades-amb-autors","category-establiments-collaboradors-voluntariat-per-la-llengua","category-general","category-lespai-dels-professors"],"_links":{"self":[{"href":"https:\/\/blogs.cpnl.cat\/sarriaambgracia\/index.php?rest_route=\/wp\/v2\/posts\/3124","targetHints":{"allow":["GET"]}}],"collection":[{"href":"https:\/\/blogs.cpnl.cat\/sarriaambgracia\/index.php?rest_route=\/wp\/v2\/posts"}],"about":[{"href":"https:\/\/blogs.cpnl.cat\/sarriaambgracia\/index.php?rest_route=\/wp\/v2\/types\/post"}],"author":[{"embeddable":true,"href":"https:\/\/blogs.cpnl.cat\/sarriaambgracia\/index.php?rest_route=\/wp\/v2\/users\/412"}],"replies":[{"embeddable":true,"href":"https:\/\/blogs.cpnl.cat\/sarriaambgracia\/index.php?rest_route=%2Fwp%2Fv2%2Fcomments&post=3124"}],"version-history":[{"count":0,"href":"https:\/\/blogs.cpnl.cat\/sarriaambgracia\/index.php?rest_route=\/wp\/v2\/posts\/3124\/revisions"}],"wp:attachment":[{"href":"https:\/\/blogs.cpnl.cat\/sarriaambgracia\/index.php?rest_route=%2Fwp%2Fv2%2Fmedia&parent=3124"}],"wp:term":[{"taxonomy":"category","embeddable":true,"href":"https:\/\/blogs.cpnl.cat\/sarriaambgracia\/index.php?rest_route=%2Fwp%2Fv2%2Fcategories&post=3124"},{"taxonomy":"post_tag","embeddable":true,"href":"https:\/\/blogs.cpnl.cat\/sarriaambgracia\/index.php?rest_route=%2Fwp%2Fv2%2Ftags&post=3124"}],"curies":[{"name":"wp","href":"https:\/\/api.w.org\/{rel}","templated":true}]}}