{"id":3143,"date":"2018-04-03T08:22:59","date_gmt":"2018-04-03T07:22:59","guid":{"rendered":"http:\/\/blogs.cpnl.cat\/sarriaambgracia\/?p=3143"},"modified":"2018-04-04T10:55:48","modified_gmt":"2018-04-04T09:55:48","slug":"lexposicio-apelles-mestres-artista-complet-i-home-poliedric-a-gracia-i-sarria-sant-gervasi","status":"publish","type":"post","link":"https:\/\/blogs.cpnl.cat\/sarriaambgracia\/?p=3143","title":{"rendered":"L&#8217;exposici\u00f3 &#8220;Apel\u00b7les Mestres: artista complet i home poli\u00e8dric&#8221; a Gr\u00e0cia i Sarri\u00e0-Sant Gervasi"},"content":{"rendered":"<p>Enguany el CNL de Barcelona, delegaci\u00f3 de Gr\u00e0cia i Sarri\u00e0-Sant Gervasi, conjuntament amb La Violeta de Gr\u00e0cia i l&#8217;Associaci\u00f3 Cultural de Sant Vicen\u00e7 de Sarri\u00e0 acolliran l&#8217;exposici\u00f3 &#8220;Apel\u00b7les Mestres: artista complet i home poli\u00e8dric&#8221; les dates seg\u00fcents:<\/p>\n<p>Del <strong>10 al 30 d&#8217;abril<\/strong> de 2018 a <a href=\"http:\/\/www.lavioleta.cat\/\">La Violeta de Gr\u00e0cia<\/a><\/p>\n<p>Del <strong>2 al 31 de maig<\/strong> de 2018 a la <strong>delegaci\u00f3 de Gr\u00e0cia i Sarri\u00e0-Sant Gervasi del CNL de Barcelona<\/strong>, a l&#8217;av. Pr\u00edncep d&#8217;Ast\u00faries, 23<\/p>\n<p>De l&#8217;<strong>1 al 26 d&#8217;octubre<\/strong> de 2018 a l&#8217;<strong>Associaci\u00f3 Cultural de Sant Vicen\u00e7 de Sarri\u00e0<\/strong><\/p>\n<p>Es tracta d&#8217;una exposici\u00f3 que presenta l&#8217;Esbart Catal\u00e0 de Dansaires en la qual es repassen les principals facetes art\u00edstiques i \u00edntimes d\u2019Apel\u00b7les Mestres: dibuixant, il\u00b7lustrador, m\u00fasic, can\u00e7oner,\u00a0 col\u00b7leccionista, amic, tertuli\u00e0, dramaturg, bibli\u00f2man, dissenyador gr\u00e0fic, poeta, folklorista, figurinista, jardiner i viatger. S\u2019il\u00b7lustren amb dibuixos, fotografies, retrats, caricatures, figurins, etc. i citacions d\u2019Apel\u00b7les Mestres i altres autors.<\/p>\n<p>L&#8217;alumnat del centre visitar\u00e0 l&#8217;exposici\u00f3 i dur\u00e0 a terme diverses activitats.<\/p>\n<p><img loading=\"lazy\" decoding=\"async\" class=\"irc_mi\" src=\"http:\/\/cultura.gencat.cat\/web\/.content\/cultura_popular\/05_documents_i_recursos\/04_exposicions_itinerants\/imatges\/expos_16.jpg_1616332855.jpg\" alt=\"Resultat d'imatges de apel\u00b7les mestres home poli\u00e8dric\" width=\"215\" height=\"215\" \/><\/p>\n","protected":false},"excerpt":{"rendered":"<p>Enguany el CNL de Barcelona, delegaci\u00f3 de Gr\u00e0cia i Sarri\u00e0-Sant Gervasi, conjuntament amb La Violeta de Gr\u00e0cia i l&#8217;Associaci\u00f3 Cultural de Sant Vicen\u00e7 de Sarri\u00e0 acolliran l&#8217;exposici\u00f3 &#8220;Apel\u00b7les Mestres: artista complet i home poli\u00e8dric&#8221; les dates seg\u00fcents: Del 10 al 30 d&#8217;abril de 2018 a La Violeta de Gr\u00e0cia Del 2 al 31 de maig [&hellip;]<\/p>\n","protected":false},"author":412,"featured_media":0,"comment_status":"open","ping_status":"closed","sticky":false,"template":"","format":"standard","meta":{"ngg_post_thumbnail":0,"footnotes":""},"categories":[140808,40148,6,77424],"tags":[],"class_list":["post-3143","post","type-post","status-publish","format-standard","hentry","category-activitats-literaries-i-trobades-amb-autors","category-exposicions","category-general","category-lespai-dels-professors"],"_links":{"self":[{"href":"https:\/\/blogs.cpnl.cat\/sarriaambgracia\/index.php?rest_route=\/wp\/v2\/posts\/3143","targetHints":{"allow":["GET"]}}],"collection":[{"href":"https:\/\/blogs.cpnl.cat\/sarriaambgracia\/index.php?rest_route=\/wp\/v2\/posts"}],"about":[{"href":"https:\/\/blogs.cpnl.cat\/sarriaambgracia\/index.php?rest_route=\/wp\/v2\/types\/post"}],"author":[{"embeddable":true,"href":"https:\/\/blogs.cpnl.cat\/sarriaambgracia\/index.php?rest_route=\/wp\/v2\/users\/412"}],"replies":[{"embeddable":true,"href":"https:\/\/blogs.cpnl.cat\/sarriaambgracia\/index.php?rest_route=%2Fwp%2Fv2%2Fcomments&post=3143"}],"version-history":[{"count":0,"href":"https:\/\/blogs.cpnl.cat\/sarriaambgracia\/index.php?rest_route=\/wp\/v2\/posts\/3143\/revisions"}],"wp:attachment":[{"href":"https:\/\/blogs.cpnl.cat\/sarriaambgracia\/index.php?rest_route=%2Fwp%2Fv2%2Fmedia&parent=3143"}],"wp:term":[{"taxonomy":"category","embeddable":true,"href":"https:\/\/blogs.cpnl.cat\/sarriaambgracia\/index.php?rest_route=%2Fwp%2Fv2%2Fcategories&post=3143"},{"taxonomy":"post_tag","embeddable":true,"href":"https:\/\/blogs.cpnl.cat\/sarriaambgracia\/index.php?rest_route=%2Fwp%2Fv2%2Ftags&post=3143"}],"curies":[{"name":"wp","href":"https:\/\/api.w.org\/{rel}","templated":true}]}}