{"id":3165,"date":"2018-03-23T09:05:50","date_gmt":"2018-03-23T08:05:50","guid":{"rendered":"http:\/\/blogs.cpnl.cat\/sarriaambgracia\/?p=3165"},"modified":"2018-04-04T09:15:09","modified_gmt":"2018-04-04T08:15:09","slug":"lexposicio-joan-amades-la-memoria-del-poble-a-lespai-putget","status":"publish","type":"post","link":"https:\/\/blogs.cpnl.cat\/sarriaambgracia\/?p=3165","title":{"rendered":"L&#8217;exposici\u00f3 &#8220;Joan Amades. La mem\u00f2ria del poble&#8221; a l&#8217;Espai Putget"},"content":{"rendered":"<p><strong>Del 4 al 24 d\u2019abril<\/strong>, <a href=\"http:\/\/www.espaiputget.com\/\">l&#8217;Espai Putget,<\/a> al carrer Marmell\u00e0, 13, acull l\u2019exposici\u00f3 &#8220;Joan Amades. La mem\u00f2ria del poble&#8221;, duta a terme per <a href=\"http:\/\/joanamades.cat\/\">l&#8217;Associaci\u00f3 Cultural Joan Amades<\/a> . Organitzat conjuntament amb la delegaci\u00f3 de Gr\u00e0cia i Sarri\u00e0-Sant Gervasi, l&#8217;alumnat dels cursos de catal\u00e0 visitaran l&#8217;exposici\u00f3 i faran algunes activitats.<\/p>\n<p>Es tracta d&#8217;una exposici\u00f3 per descobrir de prop la persona i l&#8217;obra del folklorista catal\u00e0 Joan Amades i Gelats. Diverses notes autobiogr\u00e0fiques combinades amb una selecci\u00f3 de fotografies, il\u00b7lustracions i un breu discurs narratiu serveixen per a descriure l&#8217;home que preserv\u00e0 de l&#8217;oblit moltes de les costums i tradicions populars del nostre pa\u00eds.<\/p>\n<p><img loading=\"lazy\" decoding=\"async\" class=\"irc_mi\" src=\"http:\/\/www.lavioleta.cat\/wp-content\/uploads\/sites\/135\/2016\/02\/DSC_4880.jpg\" alt=\"Resultado de imagen de exposicio joan amades\" width=\"350\" height=\"197\" \/><\/p>\n","protected":false},"excerpt":{"rendered":"<p>Del 4 al 24 d\u2019abril, l&#8217;Espai Putget, al carrer Marmell\u00e0, 13, acull l\u2019exposici\u00f3 &#8220;Joan Amades. La mem\u00f2ria del poble&#8221;, duta a terme per l&#8217;Associaci\u00f3 Cultural Joan Amades . Organitzat conjuntament amb la delegaci\u00f3 de Gr\u00e0cia i Sarri\u00e0-Sant Gervasi, l&#8217;alumnat dels cursos de catal\u00e0 visitaran l&#8217;exposici\u00f3 i faran algunes activitats. Es tracta d&#8217;una exposici\u00f3 per descobrir [&hellip;]<\/p>\n","protected":false},"author":412,"featured_media":0,"comment_status":"open","ping_status":"closed","sticky":false,"template":"","format":"standard","meta":{"ngg_post_thumbnail":0,"footnotes":""},"categories":[40148,6,77424],"tags":[],"class_list":["post-3165","post","type-post","status-publish","format-standard","hentry","category-exposicions","category-general","category-lespai-dels-professors"],"_links":{"self":[{"href":"https:\/\/blogs.cpnl.cat\/sarriaambgracia\/index.php?rest_route=\/wp\/v2\/posts\/3165","targetHints":{"allow":["GET"]}}],"collection":[{"href":"https:\/\/blogs.cpnl.cat\/sarriaambgracia\/index.php?rest_route=\/wp\/v2\/posts"}],"about":[{"href":"https:\/\/blogs.cpnl.cat\/sarriaambgracia\/index.php?rest_route=\/wp\/v2\/types\/post"}],"author":[{"embeddable":true,"href":"https:\/\/blogs.cpnl.cat\/sarriaambgracia\/index.php?rest_route=\/wp\/v2\/users\/412"}],"replies":[{"embeddable":true,"href":"https:\/\/blogs.cpnl.cat\/sarriaambgracia\/index.php?rest_route=%2Fwp%2Fv2%2Fcomments&post=3165"}],"version-history":[{"count":0,"href":"https:\/\/blogs.cpnl.cat\/sarriaambgracia\/index.php?rest_route=\/wp\/v2\/posts\/3165\/revisions"}],"wp:attachment":[{"href":"https:\/\/blogs.cpnl.cat\/sarriaambgracia\/index.php?rest_route=%2Fwp%2Fv2%2Fmedia&parent=3165"}],"wp:term":[{"taxonomy":"category","embeddable":true,"href":"https:\/\/blogs.cpnl.cat\/sarriaambgracia\/index.php?rest_route=%2Fwp%2Fv2%2Fcategories&post=3165"},{"taxonomy":"post_tag","embeddable":true,"href":"https:\/\/blogs.cpnl.cat\/sarriaambgracia\/index.php?rest_route=%2Fwp%2Fv2%2Ftags&post=3165"}],"curies":[{"name":"wp","href":"https:\/\/api.w.org\/{rel}","templated":true}]}}