{"id":3169,"date":"2018-02-16T10:54:59","date_gmt":"2018-02-16T09:54:59","guid":{"rendered":"http:\/\/blogs.cpnl.cat\/sarriaambgracia\/?p=3169"},"modified":"2018-02-16T10:54:59","modified_gmt":"2018-02-16T09:54:59","slug":"mira-i-parla-a-la-biblioteca-jaume-fuster-2","status":"publish","type":"post","link":"https:\/\/blogs.cpnl.cat\/sarriaambgracia\/?p=3169","title":{"rendered":"Mira i parla a la Biblioteca Jaume Fuster"},"content":{"rendered":"<p>El dimecres 14 de febrer, a les 18 hores, va tenir lloc una nova sessi\u00f3 de Mira i parla dins les Converses al Bar del CAT, en la qual van assistir 14 persones, que hi van participar activament.<\/p>\n<p>Mira i parla \u00e9s una activitat en la qual es projecten imatges pict\u00f2riques que serveixen per iniciar el di\u00e0leg, compartir i intercanviar idees per afavorir el debat argumentat i construir relats diversos. S\u2019adre\u00e7a a aquelles persones que volen millorar la seva conversa en catal\u00e0.<\/p>\n<p><a href=\"https:\/\/blogs.cpnl.cat\/sarriaambgracia\/files\/2018\/02\/IMG-20180215-WA0000.jpg\"><img loading=\"lazy\" decoding=\"async\" class=\"alignnone  wp-image-3170\" src=\"https:\/\/blogs.cpnl.cat\/sarriaambgracia\/files\/2018\/02\/IMG-20180215-WA0000-300x225.jpg\" alt=\"\" width=\"203\" height=\"152\" srcset=\"https:\/\/blogs.cpnl.cat\/sarriaambgracia\/files\/2018\/02\/IMG-20180215-WA0000-300x225.jpg 300w, https:\/\/blogs.cpnl.cat\/sarriaambgracia\/files\/2018\/02\/IMG-20180215-WA0000-768x576.jpg 768w, https:\/\/blogs.cpnl.cat\/sarriaambgracia\/files\/2018\/02\/IMG-20180215-WA0000.jpg 1024w\" sizes=\"auto, (max-width: 203px) 100vw, 203px\" \/><\/a><\/p>\n","protected":false},"excerpt":{"rendered":"<p>El dimecres 14 de febrer, a les 18 hores, va tenir lloc una nova sessi\u00f3 de Mira i parla dins les Converses al Bar del CAT, en la qual van assistir 14 persones, que hi van participar activament. Mira i parla \u00e9s una activitat en la qual es projecten imatges pict\u00f2riques que serveixen per iniciar [&hellip;]<\/p>\n","protected":false},"author":412,"featured_media":0,"comment_status":"open","ping_status":"closed","sticky":false,"template":"","format":"standard","meta":{"ngg_post_thumbnail":0,"footnotes":""},"categories":[6,77424],"tags":[],"class_list":["post-3169","post","type-post","status-publish","format-standard","hentry","category-general","category-lespai-dels-professors"],"_links":{"self":[{"href":"https:\/\/blogs.cpnl.cat\/sarriaambgracia\/index.php?rest_route=\/wp\/v2\/posts\/3169","targetHints":{"allow":["GET"]}}],"collection":[{"href":"https:\/\/blogs.cpnl.cat\/sarriaambgracia\/index.php?rest_route=\/wp\/v2\/posts"}],"about":[{"href":"https:\/\/blogs.cpnl.cat\/sarriaambgracia\/index.php?rest_route=\/wp\/v2\/types\/post"}],"author":[{"embeddable":true,"href":"https:\/\/blogs.cpnl.cat\/sarriaambgracia\/index.php?rest_route=\/wp\/v2\/users\/412"}],"replies":[{"embeddable":true,"href":"https:\/\/blogs.cpnl.cat\/sarriaambgracia\/index.php?rest_route=%2Fwp%2Fv2%2Fcomments&post=3169"}],"version-history":[{"count":0,"href":"https:\/\/blogs.cpnl.cat\/sarriaambgracia\/index.php?rest_route=\/wp\/v2\/posts\/3169\/revisions"}],"wp:attachment":[{"href":"https:\/\/blogs.cpnl.cat\/sarriaambgracia\/index.php?rest_route=%2Fwp%2Fv2%2Fmedia&parent=3169"}],"wp:term":[{"taxonomy":"category","embeddable":true,"href":"https:\/\/blogs.cpnl.cat\/sarriaambgracia\/index.php?rest_route=%2Fwp%2Fv2%2Fcategories&post=3169"},{"taxonomy":"post_tag","embeddable":true,"href":"https:\/\/blogs.cpnl.cat\/sarriaambgracia\/index.php?rest_route=%2Fwp%2Fv2%2Ftags&post=3169"}],"curies":[{"name":"wp","href":"https:\/\/api.w.org\/{rel}","templated":true}]}}