{"id":3171,"date":"2018-02-23T11:18:30","date_gmt":"2018-02-23T10:18:30","guid":{"rendered":"http:\/\/blogs.cpnl.cat\/sarriaambgracia\/?p=3171"},"modified":"2018-02-23T11:18:30","modified_gmt":"2018-02-23T10:18:30","slug":"visita-a-lexposicio-la-llum-de-barcelona-un-passeig-pel-nostre-talent","status":"publish","type":"post","link":"https:\/\/blogs.cpnl.cat\/sarriaambgracia\/?p=3171","title":{"rendered":"Visita a l&#8217;exposici\u00f3 &#8220;La llum de Barcelona. Un passeig pel nostre talent&#8221;"},"content":{"rendered":"<p>El grup de nivell B3 de la Rosabel va visitar el dijous 22 de febrer a la tarda l&#8217;exposici\u00f3 <strong>&#8220;La llum de Barcelona. Un passeig pel nostre talent&#8221;<\/strong> al Palau Robert.<\/p>\n<p>En aquesta exposici\u00f3 sobre el talent catal\u00e0 i els seus referents actuals hi apareixen els millors exponents de la creativitat, l&#8217;enginy i l&#8217;emprenedoria catalans, a trav\u00e9s d&#8217;un rep\u00e0s hist\u00f2ric d&#8217;una trentena de disciplines de les arts i les ci\u00e8ncies.<\/p>\n<p>Des de Ramon Llull al Tricicle, de Verdaguer a Anna Veiga, fem un viatge per tot all\u00f2 que les catalanes i els catalans han aportat a la humanitat, ja sigui des d&#8217;un vessant internacional o amb la demostraci\u00f3 de la seva genialitat a casa nostra i a fora. Personatges que marquen \u00e8poques i generacions, i que el fruit de la seva feina i aficions ha perm\u00e8s desenvolupar el nostre planeta, la nostra cultura i el nostre benestar.<\/p>\n<p><a href=\"https:\/\/blogs.cpnl.cat\/sarriaambgracia\/files\/2018\/02\/IMG-20180223-WA0006.jpg\"><img loading=\"lazy\" decoding=\"async\" class=\"alignnone wp-image-3177\" src=\"https:\/\/blogs.cpnl.cat\/sarriaambgracia\/files\/2018\/02\/IMG-20180223-WA0006-300x180.jpg\" alt=\"\" width=\"165\" height=\"99\" srcset=\"https:\/\/blogs.cpnl.cat\/sarriaambgracia\/files\/2018\/02\/IMG-20180223-WA0006-300x180.jpg 300w, https:\/\/blogs.cpnl.cat\/sarriaambgracia\/files\/2018\/02\/IMG-20180223-WA0006-768x461.jpg 768w, https:\/\/blogs.cpnl.cat\/sarriaambgracia\/files\/2018\/02\/IMG-20180223-WA0006-1024x614.jpg 1024w, https:\/\/blogs.cpnl.cat\/sarriaambgracia\/files\/2018\/02\/IMG-20180223-WA0006.jpg 1280w\" sizes=\"auto, (max-width: 165px) 100vw, 165px\" \/><\/a> <a href=\"https:\/\/blogs.cpnl.cat\/sarriaambgracia\/files\/2018\/02\/IMG-20180223-WA0000.jpg\"><img loading=\"lazy\" decoding=\"async\" class=\"alignnone wp-image-3178\" src=\"https:\/\/blogs.cpnl.cat\/sarriaambgracia\/files\/2018\/02\/IMG-20180223-WA0000-300x180.jpg\" alt=\"\" width=\"170\" height=\"102\" srcset=\"https:\/\/blogs.cpnl.cat\/sarriaambgracia\/files\/2018\/02\/IMG-20180223-WA0000-300x180.jpg 300w, https:\/\/blogs.cpnl.cat\/sarriaambgracia\/files\/2018\/02\/IMG-20180223-WA0000-768x461.jpg 768w, https:\/\/blogs.cpnl.cat\/sarriaambgracia\/files\/2018\/02\/IMG-20180223-WA0000-1024x614.jpg 1024w, https:\/\/blogs.cpnl.cat\/sarriaambgracia\/files\/2018\/02\/IMG-20180223-WA0000.jpg 1280w\" sizes=\"auto, (max-width: 170px) 100vw, 170px\" \/><\/a> <a href=\"https:\/\/blogs.cpnl.cat\/sarriaambgracia\/files\/2018\/02\/IMG-20180223-WA0001.jpg\"><img loading=\"lazy\" decoding=\"async\" class=\"alignnone wp-image-3179\" src=\"https:\/\/blogs.cpnl.cat\/sarriaambgracia\/files\/2018\/02\/IMG-20180223-WA0001-300x180.jpg\" alt=\"\" width=\"170\" height=\"102\" srcset=\"https:\/\/blogs.cpnl.cat\/sarriaambgracia\/files\/2018\/02\/IMG-20180223-WA0001-300x180.jpg 300w, https:\/\/blogs.cpnl.cat\/sarriaambgracia\/files\/2018\/02\/IMG-20180223-WA0001-768x461.jpg 768w, https:\/\/blogs.cpnl.cat\/sarriaambgracia\/files\/2018\/02\/IMG-20180223-WA0001-1024x614.jpg 1024w, https:\/\/blogs.cpnl.cat\/sarriaambgracia\/files\/2018\/02\/IMG-20180223-WA0001.jpg 1280w\" sizes=\"auto, (max-width: 170px) 100vw, 170px\" \/><\/a><\/p>\n","protected":false},"excerpt":{"rendered":"<p>El grup de nivell B3 de la Rosabel va visitar el dijous 22 de febrer a la tarda l&#8217;exposici\u00f3 &#8220;La llum de Barcelona. Un passeig pel nostre talent&#8221; al Palau Robert. En aquesta exposici\u00f3 sobre el talent catal\u00e0 i els seus referents actuals hi apareixen els millors exponents de la creativitat, l&#8217;enginy i l&#8217;emprenedoria catalans, [&hellip;]<\/p>\n","protected":false},"author":412,"featured_media":0,"comment_status":"open","ping_status":"closed","sticky":false,"template":"","format":"standard","meta":{"ngg_post_thumbnail":0,"footnotes":""},"categories":[40148,6,77424],"tags":[],"class_list":["post-3171","post","type-post","status-publish","format-standard","hentry","category-exposicions","category-general","category-lespai-dels-professors"],"_links":{"self":[{"href":"https:\/\/blogs.cpnl.cat\/sarriaambgracia\/index.php?rest_route=\/wp\/v2\/posts\/3171","targetHints":{"allow":["GET"]}}],"collection":[{"href":"https:\/\/blogs.cpnl.cat\/sarriaambgracia\/index.php?rest_route=\/wp\/v2\/posts"}],"about":[{"href":"https:\/\/blogs.cpnl.cat\/sarriaambgracia\/index.php?rest_route=\/wp\/v2\/types\/post"}],"author":[{"embeddable":true,"href":"https:\/\/blogs.cpnl.cat\/sarriaambgracia\/index.php?rest_route=\/wp\/v2\/users\/412"}],"replies":[{"embeddable":true,"href":"https:\/\/blogs.cpnl.cat\/sarriaambgracia\/index.php?rest_route=%2Fwp%2Fv2%2Fcomments&post=3171"}],"version-history":[{"count":0,"href":"https:\/\/blogs.cpnl.cat\/sarriaambgracia\/index.php?rest_route=\/wp\/v2\/posts\/3171\/revisions"}],"wp:attachment":[{"href":"https:\/\/blogs.cpnl.cat\/sarriaambgracia\/index.php?rest_route=%2Fwp%2Fv2%2Fmedia&parent=3171"}],"wp:term":[{"taxonomy":"category","embeddable":true,"href":"https:\/\/blogs.cpnl.cat\/sarriaambgracia\/index.php?rest_route=%2Fwp%2Fv2%2Fcategories&post=3171"},{"taxonomy":"post_tag","embeddable":true,"href":"https:\/\/blogs.cpnl.cat\/sarriaambgracia\/index.php?rest_route=%2Fwp%2Fv2%2Ftags&post=3171"}],"curies":[{"name":"wp","href":"https:\/\/api.w.org\/{rel}","templated":true}]}}