{"id":3183,"date":"2018-02-28T18:48:23","date_gmt":"2018-02-28T17:48:23","guid":{"rendered":"http:\/\/blogs.cpnl.cat\/sarriaambgracia\/?p=3183"},"modified":"2018-02-28T18:56:32","modified_gmt":"2018-02-28T17:56:32","slug":"invitacions-per-al-doble-concert-daquest-divendres","status":"publish","type":"post","link":"https:\/\/blogs.cpnl.cat\/sarriaambgracia\/?p=3183","title":{"rendered":"Invitacions per al doble concert del divendres 2 de mar\u00e7 al CAT"},"content":{"rendered":"<p>El Centre Artes\u00e0 Tradicion\u00e0rius (C.A.T) ofereix invitacions per a tot l&#8217;alumnat i els participants del Voluntariat per la llengua del CNL de Barcelona per al concert d&#8217;aquest divendres dels grups Corrandes s\u00f3n corrandes i Guillem Anguera.<\/p>\n<p>Corrandes s\u00f3n corrandes \u00e9s el nom del grup de m\u00fasics que s&#8217;estrena aquest proper divendres, 2 de mar\u00e7, a les 22 h, en una de les nits de ball folk al Festival Folk Tradicion\u00e0rius. Just despr\u00e9s actuar\u00e0 Guillem Anguera.<\/p>\n<p>L&#8217;alumnat i els participants del Voluntariat per la llengua del CNL de Barcelona gaudeixen d&#8217;<strong>entrada gratu\u00efta<\/strong> per a aquest doble concert. Per aprofitar-lo, nom\u00e9s cal dirigir-se a taquilla el mateix divendres una estona abans amb el\u00a0<strong>carnet d&#8217;alumne del CPNL<\/strong> o <strong>el carnet de VxL.<\/strong><\/p>\n<p>No us perdeu aquesta proposta de m\u00fasica i ball folk a cost zero al cor de Gr\u00e0cia!<\/p>\n<p><a class=\"external\" href=\"http:\/\/www.tradicionarius.cat\/ca\/nits-de-ball-folk__-corrandes-son-corrandes-i-feten-feten\/programacio\/505\" target=\"_blank\" rel=\"external noopener\">Nit de Ball Folk: Corrandes s\u00f3n corrandes <\/a><\/p>\n<p><img loading=\"lazy\" decoding=\"async\" class=\"irc_mi\" src=\"http:\/\/www.tradicionarius.cat\/ca_ES\/media\/eddbca761b5766c71fc4f65e7611898c.cms_570_570_196_196__\/CORRANDES-I-GUILLEM.jpg\" alt=\"Resultat d'imatges de tradicionarius corrandes\" width=\"396\" height=\"136\" \/><\/p>\n","protected":false},"excerpt":{"rendered":"<p>El Centre Artes\u00e0 Tradicion\u00e0rius (C.A.T) ofereix invitacions per a tot l&#8217;alumnat i els participants del Voluntariat per la llengua del CNL de Barcelona per al concert d&#8217;aquest divendres dels grups Corrandes s\u00f3n corrandes i Guillem Anguera. Corrandes s\u00f3n corrandes \u00e9s el nom del grup de m\u00fasics que s&#8217;estrena aquest proper divendres, 2 de mar\u00e7, a [&hellip;]<\/p>\n","protected":false},"author":412,"featured_media":0,"comment_status":"open","ping_status":"closed","sticky":false,"template":"","format":"standard","meta":{"ngg_post_thumbnail":0,"footnotes":""},"categories":[6,77424],"tags":[],"class_list":["post-3183","post","type-post","status-publish","format-standard","hentry","category-general","category-lespai-dels-professors"],"_links":{"self":[{"href":"https:\/\/blogs.cpnl.cat\/sarriaambgracia\/index.php?rest_route=\/wp\/v2\/posts\/3183","targetHints":{"allow":["GET"]}}],"collection":[{"href":"https:\/\/blogs.cpnl.cat\/sarriaambgracia\/index.php?rest_route=\/wp\/v2\/posts"}],"about":[{"href":"https:\/\/blogs.cpnl.cat\/sarriaambgracia\/index.php?rest_route=\/wp\/v2\/types\/post"}],"author":[{"embeddable":true,"href":"https:\/\/blogs.cpnl.cat\/sarriaambgracia\/index.php?rest_route=\/wp\/v2\/users\/412"}],"replies":[{"embeddable":true,"href":"https:\/\/blogs.cpnl.cat\/sarriaambgracia\/index.php?rest_route=%2Fwp%2Fv2%2Fcomments&post=3183"}],"version-history":[{"count":0,"href":"https:\/\/blogs.cpnl.cat\/sarriaambgracia\/index.php?rest_route=\/wp\/v2\/posts\/3183\/revisions"}],"wp:attachment":[{"href":"https:\/\/blogs.cpnl.cat\/sarriaambgracia\/index.php?rest_route=%2Fwp%2Fv2%2Fmedia&parent=3183"}],"wp:term":[{"taxonomy":"category","embeddable":true,"href":"https:\/\/blogs.cpnl.cat\/sarriaambgracia\/index.php?rest_route=%2Fwp%2Fv2%2Fcategories&post=3183"},{"taxonomy":"post_tag","embeddable":true,"href":"https:\/\/blogs.cpnl.cat\/sarriaambgracia\/index.php?rest_route=%2Fwp%2Fv2%2Ftags&post=3183"}],"curies":[{"name":"wp","href":"https:\/\/api.w.org\/{rel}","templated":true}]}}