{"id":3185,"date":"2018-03-02T10:05:41","date_gmt":"2018-03-02T09:05:41","guid":{"rendered":"http:\/\/blogs.cpnl.cat\/sarriaambgracia\/?p=3185"},"modified":"2018-03-02T10:05:41","modified_gmt":"2018-03-02T09:05:41","slug":"interessant-xerrada-amb-david-de-montserrat","status":"publish","type":"post","link":"https:\/\/blogs.cpnl.cat\/sarriaambgracia\/?p=3185","title":{"rendered":"Interessant xerrada amb David de Montserrat"},"content":{"rendered":"<p>El periodista giron\u00ed David de Montserrat va assistir el dijous 1 de mar\u00e7 al mat\u00ed a Can Cardener i va fer una trobada amb un grup d&#8217;alumnes.<\/p>\n<p>Els va parlar de la seva traject\u00f2ria com a periodista i col\u00b7laborador en premsa digital, r\u00e0dio i televisi\u00f3; del proc\u00e9s d&#8217;escriptura; dels seus llibres, d&#8217;entre els quals destaquem <em>Lliures o morts, <\/em>una novel\u00b7la que descobreix l&#8217;heroi oblidat del 1714 ,<em>\u00a0<\/em> i dels seus nous projectes editorials documentals i de ficci\u00f3.<\/p>\n<p>Aqu\u00ed en teniu unes fotos:<\/p>\n<p><a href=\"https:\/\/blogs.cpnl.cat\/sarriaambgracia\/files\/2018\/03\/IMG-20180302-WA0002.jpg\">\u00a0<\/a><a href=\"https:\/\/blogs.cpnl.cat\/sarriaambgracia\/files\/2018\/03\/IMG-20180302-WA0004.jpg\"><img loading=\"lazy\" decoding=\"async\" class=\"alignnone  wp-image-3186\" src=\"https:\/\/blogs.cpnl.cat\/sarriaambgracia\/files\/2018\/03\/IMG-20180302-WA0004-300x180.jpg\" alt=\"\" width=\"155\" height=\"93\" srcset=\"https:\/\/blogs.cpnl.cat\/sarriaambgracia\/files\/2018\/03\/IMG-20180302-WA0004-300x180.jpg 300w, https:\/\/blogs.cpnl.cat\/sarriaambgracia\/files\/2018\/03\/IMG-20180302-WA0004-768x461.jpg 768w, https:\/\/blogs.cpnl.cat\/sarriaambgracia\/files\/2018\/03\/IMG-20180302-WA0004-1024x614.jpg 1024w, https:\/\/blogs.cpnl.cat\/sarriaambgracia\/files\/2018\/03\/IMG-20180302-WA0004.jpg 1600w\" sizes=\"auto, (max-width: 155px) 100vw, 155px\" \/>\u00a0<\/a><a href=\"https:\/\/blogs.cpnl.cat\/sarriaambgracia\/files\/2018\/03\/IMG-20180302-WA0003.jpg\"><img loading=\"lazy\" decoding=\"async\" class=\"alignnone  wp-image-3190\" src=\"https:\/\/blogs.cpnl.cat\/sarriaambgracia\/files\/2018\/03\/IMG-20180302-WA0003-300x180.jpg\" alt=\"\" width=\"153\" height=\"92\" srcset=\"https:\/\/blogs.cpnl.cat\/sarriaambgracia\/files\/2018\/03\/IMG-20180302-WA0003-300x180.jpg 300w, https:\/\/blogs.cpnl.cat\/sarriaambgracia\/files\/2018\/03\/IMG-20180302-WA0003-768x461.jpg 768w, https:\/\/blogs.cpnl.cat\/sarriaambgracia\/files\/2018\/03\/IMG-20180302-WA0003-1024x614.jpg 1024w, https:\/\/blogs.cpnl.cat\/sarriaambgracia\/files\/2018\/03\/IMG-20180302-WA0003.jpg 1600w\" sizes=\"auto, (max-width: 153px) 100vw, 153px\" \/><\/a><a href=\"https:\/\/blogs.cpnl.cat\/sarriaambgracia\/files\/2018\/03\/IMG-20180302-WA0002.jpg\">\u00a0<\/a><a href=\"https:\/\/blogs.cpnl.cat\/sarriaambgracia\/files\/2018\/03\/IMG-20180302-WA0002-1.jpg\"><img loading=\"lazy\" decoding=\"async\" class=\"alignnone  wp-image-3189\" src=\"https:\/\/blogs.cpnl.cat\/sarriaambgracia\/files\/2018\/03\/IMG-20180302-WA0002-1-300x180.jpg\" alt=\"\" width=\"157\" height=\"94\" srcset=\"https:\/\/blogs.cpnl.cat\/sarriaambgracia\/files\/2018\/03\/IMG-20180302-WA0002-1-300x180.jpg 300w, https:\/\/blogs.cpnl.cat\/sarriaambgracia\/files\/2018\/03\/IMG-20180302-WA0002-1-768x461.jpg 768w, https:\/\/blogs.cpnl.cat\/sarriaambgracia\/files\/2018\/03\/IMG-20180302-WA0002-1-1024x614.jpg 1024w, https:\/\/blogs.cpnl.cat\/sarriaambgracia\/files\/2018\/03\/IMG-20180302-WA0002-1.jpg 1600w\" sizes=\"auto, (max-width: 157px) 100vw, 157px\" \/><\/a><\/p>\n","protected":false},"excerpt":{"rendered":"<p>El periodista giron\u00ed David de Montserrat va assistir el dijous 1 de mar\u00e7 al mat\u00ed a Can Cardener i va fer una trobada amb un grup d&#8217;alumnes. Els va parlar de la seva traject\u00f2ria com a periodista i col\u00b7laborador en premsa digital, r\u00e0dio i televisi\u00f3; del proc\u00e9s d&#8217;escriptura; dels seus llibres, d&#8217;entre els quals destaquem [&hellip;]<\/p>\n","protected":false},"author":412,"featured_media":0,"comment_status":"open","ping_status":"closed","sticky":false,"template":"","format":"standard","meta":{"ngg_post_thumbnail":0,"footnotes":""},"categories":[140808,6],"tags":[],"class_list":["post-3185","post","type-post","status-publish","format-standard","hentry","category-activitats-literaries-i-trobades-amb-autors","category-general"],"_links":{"self":[{"href":"https:\/\/blogs.cpnl.cat\/sarriaambgracia\/index.php?rest_route=\/wp\/v2\/posts\/3185","targetHints":{"allow":["GET"]}}],"collection":[{"href":"https:\/\/blogs.cpnl.cat\/sarriaambgracia\/index.php?rest_route=\/wp\/v2\/posts"}],"about":[{"href":"https:\/\/blogs.cpnl.cat\/sarriaambgracia\/index.php?rest_route=\/wp\/v2\/types\/post"}],"author":[{"embeddable":true,"href":"https:\/\/blogs.cpnl.cat\/sarriaambgracia\/index.php?rest_route=\/wp\/v2\/users\/412"}],"replies":[{"embeddable":true,"href":"https:\/\/blogs.cpnl.cat\/sarriaambgracia\/index.php?rest_route=%2Fwp%2Fv2%2Fcomments&post=3185"}],"version-history":[{"count":0,"href":"https:\/\/blogs.cpnl.cat\/sarriaambgracia\/index.php?rest_route=\/wp\/v2\/posts\/3185\/revisions"}],"wp:attachment":[{"href":"https:\/\/blogs.cpnl.cat\/sarriaambgracia\/index.php?rest_route=%2Fwp%2Fv2%2Fmedia&parent=3185"}],"wp:term":[{"taxonomy":"category","embeddable":true,"href":"https:\/\/blogs.cpnl.cat\/sarriaambgracia\/index.php?rest_route=%2Fwp%2Fv2%2Fcategories&post=3185"},{"taxonomy":"post_tag","embeddable":true,"href":"https:\/\/blogs.cpnl.cat\/sarriaambgracia\/index.php?rest_route=%2Fwp%2Fv2%2Ftags&post=3185"}],"curies":[{"name":"wp","href":"https:\/\/api.w.org\/{rel}","templated":true}]}}