{"id":3192,"date":"2018-04-13T08:30:47","date_gmt":"2018-04-13T07:30:47","guid":{"rendered":"http:\/\/blogs.cpnl.cat\/sarriaambgracia\/?p=3192"},"modified":"2018-04-17T13:52:38","modified_gmt":"2018-04-17T12:52:38","slug":"la-campanya-a-labril-cada-paraula-val-per-mil-als-mercats-de-barcelona","status":"publish","type":"post","link":"https:\/\/blogs.cpnl.cat\/sarriaambgracia\/?p=3192","title":{"rendered":"La campanya &#8220;A l&#8217;abril cada paraula val per mil&#8221; als Mercats de Barcelona"},"content":{"rendered":"<div>\n<p>Del<strong> 16 al 28 d&#8217;abril,<\/strong> les parades dels mercats de Barcelona s&#8217;ompliran amb els cartells de la campanya &#8220;A l&#8217;abril, cada paraula val per mil&#8221;. Aquests cartells contindran fragments rom\u00e0ntics d&#8217;obres liter\u00e0ries catalanes, d&#8217;autors com\u00a0Albert S\u00e1nchez-Pi\u00f1ol, Carme Riera, Isabel-Clara Sim\u00f3 i Empar Moliner, entre d&#8217;altres.<\/p>\n<p>Els cartells seran la base d&#8217;un <strong>sorteig<\/strong>, obert a tota la ciutadania, que s&#8217;articular\u00e0 a trav\u00e9s d&#8217;Instagram. Els participants hauran de penjar una <em>selfie<\/em> on es vegi algun dels cartells de la campanya acompanyada d&#8217;una declaraci\u00f3 d&#8217;amor a la parella, a la cultura, a la llengua, a la ciutat, a la vida&#8230;<\/p>\n<p>El lliurament de premis del concurs tindr\u00e0 lloc el 4 de maig, a les 18.30 h, al mercat de la Concepci\u00f3, en el marc d&#8217;un acte de formaci\u00f3 de parelles ling\u00fc\u00edstiques del programa Voluntariat per la llengua del Consorci per a la Normalitzaci\u00f3 Ling\u00fc\u00edstica. Els premis consistiran en tres cistelles amb productes de mercat, gentilesa dels paradistes, i altres obsequis.<\/p>\n<p>A Gr\u00e0cia podreu llegir els cartells als mercats de l&#8217;<strong>Abaceria Central<\/strong>, <strong>la Llibertat, l&#8217;Estrella <\/strong>i <strong>Lesseps,<\/strong> i a Sarri\u00e0-Sant Gervasi, als mercats de <strong>Galvany, les Tres Torres, Sarri\u00e0<\/strong> i <strong>Sant Gervasi.<\/strong><\/p>\n<p><a href=\"http:\/\/www.mercatsbcn.cat\/\">Mercats de Barcelona<\/a><\/p>\n<p><img loading=\"lazy\" decoding=\"async\" class=\"\" src=\"http:\/\/www.cpnl.cat\/media\/upload\/gif\/\/e_montserrat_abello_editora_129_17749_1.png\" alt=\"Campanya \" width=\"169\" height=\"339\" \/><\/p>\n<p>&nbsp;<\/p>\n<\/div>\n","protected":false},"excerpt":{"rendered":"<p>Del 16 al 28 d&#8217;abril, les parades dels mercats de Barcelona s&#8217;ompliran amb els cartells de la campanya &#8220;A l&#8217;abril, cada paraula val per mil&#8221;. Aquests cartells contindran fragments rom\u00e0ntics d&#8217;obres liter\u00e0ries catalanes, d&#8217;autors com\u00a0Albert S\u00e1nchez-Pi\u00f1ol, Carme Riera, Isabel-Clara Sim\u00f3 i Empar Moliner, entre d&#8217;altres. Els cartells seran la base d&#8217;un sorteig, obert a tota [&hellip;]<\/p>\n","protected":false},"author":412,"featured_media":0,"comment_status":"open","ping_status":"closed","sticky":false,"template":"","format":"standard","meta":{"ngg_post_thumbnail":0,"footnotes":""},"categories":[6,77424],"tags":[],"class_list":["post-3192","post","type-post","status-publish","format-standard","hentry","category-general","category-lespai-dels-professors"],"_links":{"self":[{"href":"https:\/\/blogs.cpnl.cat\/sarriaambgracia\/index.php?rest_route=\/wp\/v2\/posts\/3192","targetHints":{"allow":["GET"]}}],"collection":[{"href":"https:\/\/blogs.cpnl.cat\/sarriaambgracia\/index.php?rest_route=\/wp\/v2\/posts"}],"about":[{"href":"https:\/\/blogs.cpnl.cat\/sarriaambgracia\/index.php?rest_route=\/wp\/v2\/types\/post"}],"author":[{"embeddable":true,"href":"https:\/\/blogs.cpnl.cat\/sarriaambgracia\/index.php?rest_route=\/wp\/v2\/users\/412"}],"replies":[{"embeddable":true,"href":"https:\/\/blogs.cpnl.cat\/sarriaambgracia\/index.php?rest_route=%2Fwp%2Fv2%2Fcomments&post=3192"}],"version-history":[{"count":0,"href":"https:\/\/blogs.cpnl.cat\/sarriaambgracia\/index.php?rest_route=\/wp\/v2\/posts\/3192\/revisions"}],"wp:attachment":[{"href":"https:\/\/blogs.cpnl.cat\/sarriaambgracia\/index.php?rest_route=%2Fwp%2Fv2%2Fmedia&parent=3192"}],"wp:term":[{"taxonomy":"category","embeddable":true,"href":"https:\/\/blogs.cpnl.cat\/sarriaambgracia\/index.php?rest_route=%2Fwp%2Fv2%2Fcategories&post=3192"},{"taxonomy":"post_tag","embeddable":true,"href":"https:\/\/blogs.cpnl.cat\/sarriaambgracia\/index.php?rest_route=%2Fwp%2Fv2%2Ftags&post=3192"}],"curies":[{"name":"wp","href":"https:\/\/api.w.org\/{rel}","templated":true}]}}