{"id":3196,"date":"2018-03-01T11:35:36","date_gmt":"2018-03-01T10:35:36","guid":{"rendered":"http:\/\/blogs.cpnl.cat\/sarriaambgracia\/?p=3196"},"modified":"2018-03-15T09:37:49","modified_gmt":"2018-03-15T08:37:49","slug":"trobada-amb-musics-gitanos-de-la-catalunya-nord-i-alumnes-de-catala","status":"publish","type":"post","link":"https:\/\/blogs.cpnl.cat\/sarriaambgracia\/?p=3196","title":{"rendered":"Trobada entre gitanos de Gr\u00e0cia i alumnes de catal\u00e0"},"content":{"rendered":"<p>El proper dimecres<strong> 14 de mar\u00e7<\/strong> tindr\u00e0 lloc una trobada de joves gitanos de Gr\u00e0cia amb alumnes de catal\u00e0 de la delegaci\u00f3 de Gr\u00e0cia i Sarri\u00e0-Sant Gervasi. L&#8217;objectiu \u00e9s que els alumnes de catal\u00e0 coneguin la hist\u00f2ria de la llengua i la cultura gitana al barri de Gr\u00e0cia. Per a aix\u00f2 s&#8217;han organitzat les seg\u00fcents activitats:<\/p>\n<p>19.00 h:\u00a0<strong>Ruta per la Gr\u00e0cia gitana<\/strong> que comen\u00e7ar\u00e0 a la pla\u00e7a de la Vila i anir\u00e0 a c\u00e0rrec de Ricard Valent\u00ed, president de l&#8217;Associaci\u00f3 de Joves Gitanos de Gr\u00e0cia. Es visitar\u00e0 la pla\u00e7a del Raspall, la pla\u00e7a del poble Roman\u00ed i la pla\u00e7a del Gato P\u00e9rez, els carrers Siracusa i Fraternitat, on hi ha la casa del Pesca\u00edlla, com a promotor de la rumba catalana, entre d&#8217;altres.<\/p>\n<p>20.30 h: <strong>Rebuda al Centre Artes\u00e0 Tradicion\u00e0rius<\/strong> i visita a c\u00e0rrec de Jordi F\u00e0bregas.<\/p>\n<p>21.30 h: Assist\u00e8ncia a <strong>les Vespres del dimecres al Bar del CAT,<\/strong> a c\u00e0rrec de Marcel Caselles, contrabaixista, compositor i pedagog de la m\u00fasica tradicional i d\u2019arrel-fusi\u00f3.<\/p>\n<p>&nbsp;<\/p>\n","protected":false},"excerpt":{"rendered":"<p>El proper dimecres 14 de mar\u00e7 tindr\u00e0 lloc una trobada de joves gitanos de Gr\u00e0cia amb alumnes de catal\u00e0 de la delegaci\u00f3 de Gr\u00e0cia i Sarri\u00e0-Sant Gervasi. L&#8217;objectiu \u00e9s que els alumnes de catal\u00e0 coneguin la hist\u00f2ria de la llengua i la cultura gitana al barri de Gr\u00e0cia. Per a aix\u00f2 s&#8217;han organitzat les seg\u00fcents [&hellip;]<\/p>\n","protected":false},"author":412,"featured_media":0,"comment_status":"open","ping_status":"closed","sticky":false,"template":"","format":"standard","meta":{"ngg_post_thumbnail":0,"footnotes":""},"categories":[6,77424],"tags":[],"class_list":["post-3196","post","type-post","status-publish","format-standard","hentry","category-general","category-lespai-dels-professors"],"_links":{"self":[{"href":"https:\/\/blogs.cpnl.cat\/sarriaambgracia\/index.php?rest_route=\/wp\/v2\/posts\/3196","targetHints":{"allow":["GET"]}}],"collection":[{"href":"https:\/\/blogs.cpnl.cat\/sarriaambgracia\/index.php?rest_route=\/wp\/v2\/posts"}],"about":[{"href":"https:\/\/blogs.cpnl.cat\/sarriaambgracia\/index.php?rest_route=\/wp\/v2\/types\/post"}],"author":[{"embeddable":true,"href":"https:\/\/blogs.cpnl.cat\/sarriaambgracia\/index.php?rest_route=\/wp\/v2\/users\/412"}],"replies":[{"embeddable":true,"href":"https:\/\/blogs.cpnl.cat\/sarriaambgracia\/index.php?rest_route=%2Fwp%2Fv2%2Fcomments&post=3196"}],"version-history":[{"count":0,"href":"https:\/\/blogs.cpnl.cat\/sarriaambgracia\/index.php?rest_route=\/wp\/v2\/posts\/3196\/revisions"}],"wp:attachment":[{"href":"https:\/\/blogs.cpnl.cat\/sarriaambgracia\/index.php?rest_route=%2Fwp%2Fv2%2Fmedia&parent=3196"}],"wp:term":[{"taxonomy":"category","embeddable":true,"href":"https:\/\/blogs.cpnl.cat\/sarriaambgracia\/index.php?rest_route=%2Fwp%2Fv2%2Fcategories&post=3196"},{"taxonomy":"post_tag","embeddable":true,"href":"https:\/\/blogs.cpnl.cat\/sarriaambgracia\/index.php?rest_route=%2Fwp%2Fv2%2Ftags&post=3196"}],"curies":[{"name":"wp","href":"https:\/\/api.w.org\/{rel}","templated":true}]}}