{"id":3198,"date":"2018-03-06T10:01:29","date_gmt":"2018-03-06T09:01:29","guid":{"rendered":"http:\/\/blogs.cpnl.cat\/sarriaambgracia\/?p=3198"},"modified":"2018-03-12T12:55:23","modified_gmt":"2018-03-12T11:55:23","slug":"lectura-de-poemes-de-montserrat-abello","status":"publish","type":"post","link":"https:\/\/blogs.cpnl.cat\/sarriaambgracia\/?p=3198","title":{"rendered":"Lectura de poemes de Montserrat Abell\u00f3"},"content":{"rendered":"<p>La Delegaci\u00f3 de Gr\u00e0cia i Sarri\u00e0-Sant Gervasi del CNL de Barcelona organitza una lectura de poemes de Montserrat Abell\u00f3 al centre de cultura popular,\u00a0<a class=\"external\" href=\"http:\/\/www.lavioleta.cat\/\" target=\"_blank\" rel=\"external noopener\">La Violeta de Gr\u00e0cia<\/a>. Ser\u00e0 el proper dia 9 de mar\u00e7, a les 10 h del mat\u00ed.<\/p>\n<p>Aquest any se celebra el centenari del naixement de l&#8217;autora.<\/p>\n<p><a href=\"http:\/\/cultura.gencat.cat\/ca\/anymontserratabello\/inici\/\">Any Montserrat Abell\u00f3<\/a><\/p>\n<p><img decoding=\"async\" src=\"http:\/\/www.cpnl.cat\/media\/upload\/gif\/\/e_montserrat_abello_editora_129_17194_1.jpg\" alt=\"Lectura de poemes de Montserrat Abell\u00f3\" \/><\/p>\n","protected":false},"excerpt":{"rendered":"<p>La Delegaci\u00f3 de Gr\u00e0cia i Sarri\u00e0-Sant Gervasi del CNL de Barcelona organitza una lectura de poemes de Montserrat Abell\u00f3 al centre de cultura popular,\u00a0La Violeta de Gr\u00e0cia. Ser\u00e0 el proper dia 9 de mar\u00e7, a les 10 h del mat\u00ed. Aquest any se celebra el centenari del naixement de l&#8217;autora. Any Montserrat Abell\u00f3<\/p>\n","protected":false},"author":412,"featured_media":0,"comment_status":"open","ping_status":"closed","sticky":false,"template":"","format":"standard","meta":{"ngg_post_thumbnail":0,"footnotes":""},"categories":[140808,6],"tags":[],"class_list":["post-3198","post","type-post","status-publish","format-standard","hentry","category-activitats-literaries-i-trobades-amb-autors","category-general"],"_links":{"self":[{"href":"https:\/\/blogs.cpnl.cat\/sarriaambgracia\/index.php?rest_route=\/wp\/v2\/posts\/3198","targetHints":{"allow":["GET"]}}],"collection":[{"href":"https:\/\/blogs.cpnl.cat\/sarriaambgracia\/index.php?rest_route=\/wp\/v2\/posts"}],"about":[{"href":"https:\/\/blogs.cpnl.cat\/sarriaambgracia\/index.php?rest_route=\/wp\/v2\/types\/post"}],"author":[{"embeddable":true,"href":"https:\/\/blogs.cpnl.cat\/sarriaambgracia\/index.php?rest_route=\/wp\/v2\/users\/412"}],"replies":[{"embeddable":true,"href":"https:\/\/blogs.cpnl.cat\/sarriaambgracia\/index.php?rest_route=%2Fwp%2Fv2%2Fcomments&post=3198"}],"version-history":[{"count":0,"href":"https:\/\/blogs.cpnl.cat\/sarriaambgracia\/index.php?rest_route=\/wp\/v2\/posts\/3198\/revisions"}],"wp:attachment":[{"href":"https:\/\/blogs.cpnl.cat\/sarriaambgracia\/index.php?rest_route=%2Fwp%2Fv2%2Fmedia&parent=3198"}],"wp:term":[{"taxonomy":"category","embeddable":true,"href":"https:\/\/blogs.cpnl.cat\/sarriaambgracia\/index.php?rest_route=%2Fwp%2Fv2%2Fcategories&post=3198"},{"taxonomy":"post_tag","embeddable":true,"href":"https:\/\/blogs.cpnl.cat\/sarriaambgracia\/index.php?rest_route=%2Fwp%2Fv2%2Ftags&post=3198"}],"curies":[{"name":"wp","href":"https:\/\/api.w.org\/{rel}","templated":true}]}}