{"id":3201,"date":"2018-04-03T08:23:20","date_gmt":"2018-04-03T07:23:20","guid":{"rendered":"http:\/\/blogs.cpnl.cat\/sarriaambgracia\/?p=3201"},"modified":"2018-04-04T11:01:50","modified_gmt":"2018-04-04T10:01:50","slug":"inauguracio-i-presentacio-de-lexposicio-dapelles-mestres-a-la-violeta","status":"publish","type":"post","link":"https:\/\/blogs.cpnl.cat\/sarriaambgracia\/?p=3201","title":{"rendered":"Inauguraci\u00f3 i presentaci\u00f3 de l&#8217;exposici\u00f3 d&#8217;Apel\u00b7les Mestres a La Violeta"},"content":{"rendered":"<p>El <strong>dimecres 11 d&#8217;abril,<\/strong> a les <strong>19 h<\/strong>, tindr\u00e0 lloc a <a href=\"http:\/\/www.lavioleta.cat\/diba_agenda\/presentacio-exposicio-apel%c2%b7les-mestres-artista-complet-i-home-poliedric\/\">La Violeta,<\/a> al carrer Maspons, 8,\u00a0 la presentaci\u00f3 de l&#8217;exposici\u00f3 &#8220;Apel\u00b7les Mestres: artista complet i home poli\u00e8dric&#8221;.<\/p>\n<p>La presentaci\u00f3 anir\u00e0 a c\u00e0rrec de la senyora <strong>Montserrat Garrich<\/strong>, bibliotec\u00e0ria, arxivera i estudiosa de la vida i obra d&#8217;Apel\u00b7les Mestres. \u00c9s e<span class=\"text\">specialista en l&#8217;\u00e0mbit de la dansa i els balls populars i tradicionals catalans. Actualment \u00e9s cap d&#8217;estudis de l&#8217;Aula de Dansa Tradicional, tasca que compagina amb altres relacionades amb la investigaci\u00f3 i pr\u00e0ctica de la dansa catalana a l&#8217;Esbart Catal\u00e0 de Dansaires i de l&#8217;equip de l&#8217;Atles de Dansa Tradicional Catalana. \u00c9s coautora de diversos llibres sobre aquesta tem\u00e0tica.<\/span><\/p>\n","protected":false},"excerpt":{"rendered":"<p>El dimecres 11 d&#8217;abril, a les 19 h, tindr\u00e0 lloc a La Violeta, al carrer Maspons, 8,\u00a0 la presentaci\u00f3 de l&#8217;exposici\u00f3 &#8220;Apel\u00b7les Mestres: artista complet i home poli\u00e8dric&#8221;. La presentaci\u00f3 anir\u00e0 a c\u00e0rrec de la senyora Montserrat Garrich, bibliotec\u00e0ria, arxivera i estudiosa de la vida i obra d&#8217;Apel\u00b7les Mestres. \u00c9s especialista en l&#8217;\u00e0mbit de la [&hellip;]<\/p>\n","protected":false},"author":412,"featured_media":0,"comment_status":"open","ping_status":"closed","sticky":false,"template":"","format":"standard","meta":{"ngg_post_thumbnail":0,"footnotes":""},"categories":[40148,6,77424],"tags":[],"class_list":["post-3201","post","type-post","status-publish","format-standard","hentry","category-exposicions","category-general","category-lespai-dels-professors"],"_links":{"self":[{"href":"https:\/\/blogs.cpnl.cat\/sarriaambgracia\/index.php?rest_route=\/wp\/v2\/posts\/3201","targetHints":{"allow":["GET"]}}],"collection":[{"href":"https:\/\/blogs.cpnl.cat\/sarriaambgracia\/index.php?rest_route=\/wp\/v2\/posts"}],"about":[{"href":"https:\/\/blogs.cpnl.cat\/sarriaambgracia\/index.php?rest_route=\/wp\/v2\/types\/post"}],"author":[{"embeddable":true,"href":"https:\/\/blogs.cpnl.cat\/sarriaambgracia\/index.php?rest_route=\/wp\/v2\/users\/412"}],"replies":[{"embeddable":true,"href":"https:\/\/blogs.cpnl.cat\/sarriaambgracia\/index.php?rest_route=%2Fwp%2Fv2%2Fcomments&post=3201"}],"version-history":[{"count":0,"href":"https:\/\/blogs.cpnl.cat\/sarriaambgracia\/index.php?rest_route=\/wp\/v2\/posts\/3201\/revisions"}],"wp:attachment":[{"href":"https:\/\/blogs.cpnl.cat\/sarriaambgracia\/index.php?rest_route=%2Fwp%2Fv2%2Fmedia&parent=3201"}],"wp:term":[{"taxonomy":"category","embeddable":true,"href":"https:\/\/blogs.cpnl.cat\/sarriaambgracia\/index.php?rest_route=%2Fwp%2Fv2%2Fcategories&post=3201"},{"taxonomy":"post_tag","embeddable":true,"href":"https:\/\/blogs.cpnl.cat\/sarriaambgracia\/index.php?rest_route=%2Fwp%2Fv2%2Ftags&post=3201"}],"curies":[{"name":"wp","href":"https:\/\/api.w.org\/{rel}","templated":true}]}}